{"id":10414,"date":"2023-05-05T01:11:00","date_gmt":"2023-05-04T23:11:00","guid":{"rendered":"https:\/\/monodes.com\/predaelli\/?p=10414"},"modified":"2023-05-04T01:13:47","modified_gmt":"2023-05-03T23:13:47","slug":"la-miglior-critica","status":"publish","type":"post","link":"https:\/\/monodes.com\/predaelli\/2023\/05\/05\/la-miglior-critica\/","title":{"rendered":"La miglior critica"},"content":{"rendered":"\n<figure class=\"wp-block-embed aligncenter is-type-video is-provider-youtube wp-block-embed-youtube wp-embed-aspect-4-3 wp-has-aspect-ratio\"><div class=\"wp-block-embed__wrapper\">\n<span class=\"embed-youtube\" style=\"text-align:center; display: block;\"><iframe loading=\"lazy\" class=\"youtube-player\" width=\"910\" height=\"512\" src=\"https:\/\/www.youtube.com\/embed\/MFAuBWgizBY?version=3&#038;rel=1&#038;showsearch=0&#038;showinfo=1&#038;iv_load_policy=1&#038;fs=1&#038;hl=en-US&#038;autohide=2&#038;wmode=transparent\" allowfullscreen=\"true\" style=\"border:0;\" sandbox=\"allow-scripts allow-same-origin allow-popups allow-presentation allow-popups-to-escape-sandbox\"><\/iframe><\/span>\n<\/div><\/figure>\n\n\n\n<blockquote class=\"wp-block-quote is-layout-flow wp-block-quote-is-layout-flow\">\n<p>La miglior critica mossa a Novus Ordo<\/p>\n<cite><a href=\"https:\/\/www.facebook.com\/profile.php?id=100084229675642&amp;__cft__[0]=AZU5oidGnyh-mKV6j5gtfI-fBbcQ3DkXIiEhCawUOlgiB38MJ80WOCd6cXPUaUyNsoms9GwuuzNafqsmboitNCUaW5FJaZIW6MlDbQmPegeGWA&amp;__tn__=-UC%2CP-R\">Cristiano Nisoli<\/a> su <a href=\"https:\/\/www.facebook.com\/permalink.php?story_fbid=pfbid02PtozUNrQuCgGfCS3pGruEs7WHcgjTZJ76uaa845TvMUvrUqL8sKxVZy1MZN6u6iVl&amp;id=100084229675642&amp;__cft__[0]=AZU5oidGnyh-mKV6j5gtfI-fBbcQ3DkXIiEhCawUOlgiB38MJ80WOCd6cXPUaUyNsoms9GwuuzNafqsmboitNCUaW5FJaZIW6MlDbQmPegeGWA&amp;__tn__=%2CO%2CP-R\">FB<\/a><\/cite><\/blockquote>\n","protected":false},"excerpt":{"rendered":"<p class=\"excerpt\">La miglior critica mossa a Novus Ordo Cristiano Nisoli su FB<\/p>\n<p class=\"more-link-p\"><a class=\"more-link\" href=\"https:\/\/monodes.com\/predaelli\/2023\/05\/05\/la-miglior-critica\/\">Read more &rarr;<\/a><\/p>\n","protected":false},"author":1,"featured_media":0,"comment_status":"open","ping_status":"open","sticky":false,"template":"","format":"standard","meta":{"inline_featured_image":false,"jetpack_post_was_ever_published":false,"_jetpack_newsletter_access":"","_jetpack_dont_email_post_to_subs":false,"_jetpack_newsletter_tier_id":0,"_jetpack_memberships_contains_paywalled_content":false,"_jetpack_memberships_contains_paid_content":false,"activitypub_content_warning":"","activitypub_content_visibility":"","activitypub_max_image_attachments":4,"activitypub_interaction_policy_quote":"anyone","activitypub_status":"","footnotes":"","jetpack_publicize_message":"","jetpack_publicize_feature_enabled":true,"jetpack_social_post_already_shared":true,"jetpack_social_options":{"image_generator_settings":{"template":"highway","default_image_id":0,"font":"","enabled":false},"version":2}},"categories":[313],"tags":[],"class_list":["post-10414","post","type-post","status-publish","format-standard","hentry","category-catholicism"],"jetpack_publicize_connections":[],"jetpack_featured_media_url":"","jetpack_sharing_enabled":true,"jetpack_shortlink":"https:\/\/wp.me\/p6daft-2HY","jetpack-related-posts":[{"id":14548,"url":"https:\/\/monodes.com\/predaelli\/2026\/02\/04\/14548\/","url_meta":{"origin":10414,"position":0},"title":"Takayama Ukon, il samurai cristiano","author":"Paolo Redaelli","date":"2026-02-04","format":false,"excerpt":"Il beato Justus Takayama Ukon, il samurai cristiano Il 4 febbraio ricorre la festa di Justus Takayama Ukon, un samurai vissuto tra la fine del XVI e l'inizio del XVII secolo e beatificato nel 2017 da Papa Francesco. Da https:\/\/www.omnesmag.com\/it\/focus\/samurai-benedetto-takayama-ukon\/","rel":"","context":"In &quot;Catholicism&quot;","block_context":{"text":"Catholicism","link":"https:\/\/monodes.com\/predaelli\/category\/catholicism\/"},"img":{"alt_text":"","src":"https:\/\/i0.wp.com\/monodes.com\/predaelli\/wp-content\/uploads\/sites\/4\/2025\/12\/20031202T0900-SCENE-FROM-MOVIE-THE-LAST-SAMURAI-1236012-1.webp?fit=920%2C526&ssl=1&resize=350%2C200","width":350,"height":200,"srcset":"https:\/\/i0.wp.com\/monodes.com\/predaelli\/wp-content\/uploads\/sites\/4\/2025\/12\/20031202T0900-SCENE-FROM-MOVIE-THE-LAST-SAMURAI-1236012-1.webp?fit=920%2C526&ssl=1&resize=350%2C200 1x, https:\/\/i0.wp.com\/monodes.com\/predaelli\/wp-content\/uploads\/sites\/4\/2025\/12\/20031202T0900-SCENE-FROM-MOVIE-THE-LAST-SAMURAI-1236012-1.webp?fit=920%2C526&ssl=1&resize=525%2C300 1.5x, https:\/\/i0.wp.com\/monodes.com\/predaelli\/wp-content\/uploads\/sites\/4\/2025\/12\/20031202T0900-SCENE-FROM-MOVIE-THE-LAST-SAMURAI-1236012-1.webp?fit=920%2C526&ssl=1&resize=700%2C400 2x"},"classes":[]},{"id":9283,"url":"https:\/\/monodes.com\/predaelli\/2022\/04\/17\/resurrexit\/","url_meta":{"origin":10414,"position":1},"title":"Resurrexit!","author":"Paolo Redaelli","date":"2022-04-17","format":false,"excerpt":"","rel":"","context":"In &quot;Catholicism&quot;","block_context":{"text":"Catholicism","link":"https:\/\/monodes.com\/predaelli\/category\/catholicism\/"},"img":{"alt_text":"","src":"","width":0,"height":0},"classes":[]},{"id":10405,"url":"https:\/\/monodes.com\/predaelli\/2023\/05\/01\/e-prima-di-giuseppe\/","url_meta":{"origin":10414,"position":2},"title":"E prima di Giuseppe?","author":"Paolo Redaelli","date":"2023-05-01","format":false,"excerpt":"L\u20191 maggio 1955, Pio XII istitu\u00ec la festa di \u00abSan Giuseppe artigiano\u00bb per aiutare i lavoratori a non perdere di vista il senso cristiano del lavoro Da LaNuovaBQ.it Ma prima di allora quale santo si festeggiava il 1\u00b0 maggio?","rel":"","context":"In &quot;Catholicism&quot;","block_context":{"text":"Catholicism","link":"https:\/\/monodes.com\/predaelli\/category\/catholicism\/"},"img":{"alt_text":"","src":"","width":0,"height":0},"classes":[]},{"id":11566,"url":"https:\/\/monodes.com\/predaelli\/2025\/04\/20\/resurrexit-sicut-dixit-2\/","url_meta":{"origin":10414,"position":3},"title":"Resurrexit sicut dixit!","author":"Paolo Redaelli","date":"2025-04-20","format":"video","excerpt":"https:\/\/www.youtube.com\/watch?v=yzMa0qzwagA","rel":"","context":"In &quot;Catholicism&quot;","block_context":{"text":"Catholicism","link":"https:\/\/monodes.com\/predaelli\/category\/catholicism\/"},"img":{"alt_text":"","src":"https:\/\/i0.wp.com\/img.youtube.com\/vi\/yzMa0qzwagA\/0.jpg?resize=350%2C200","width":350,"height":200},"classes":[]},{"id":8976,"url":"https:\/\/monodes.com\/predaelli\/2021\/12\/11\/privacy-android\/","url_meta":{"origin":10414,"position":4},"title":"Privacy android","author":"Paolo Redaelli","date":"2021-12-11","format":false,"excerpt":"Privacy android Questa vuole essere una guida completa per ottenere un telefono android completamente de-googled e con la massima privacy possibile, pur mantenendo la minima usabilit\u00e0 e comodit\u00e0 del dispositivo. La guida \u00e8 aperta a miglioramenti e consigli,descriver\u00f2 la configurazione che trovo con il miglior rapporto usabilit\u00e0\/privacy, nel tempo ampier\u00f2\u2026","rel":"","context":"In &quot;Senza categoria&quot;","block_context":{"text":"Senza categoria","link":"https:\/\/monodes.com\/predaelli\/category\/senza-categoria\/"},"img":{"alt_text":"","src":"","width":0,"height":0},"classes":[]},{"id":9287,"url":"https:\/\/monodes.com\/predaelli\/2022\/04\/18\/adoro-te-devote\/","url_meta":{"origin":10414,"position":5},"title":"Adoro te devote","author":"Paolo Redaelli","date":"2022-04-18","format":"video","excerpt":"Lovely, even if I found it much more more enjoyable hastened (30%) with enhancer-for-youtube","rel":"","context":"In &quot;Catholicism&quot;","block_context":{"text":"Catholicism","link":"https:\/\/monodes.com\/predaelli\/category\/catholicism\/"},"img":{"alt_text":"","src":"","width":0,"height":0},"classes":[]}],"jetpack_likes_enabled":true,"_links":{"self":[{"href":"https:\/\/monodes.com\/predaelli\/wp-json\/wp\/v2\/posts\/10414","targetHints":{"allow":["GET"]}}],"collection":[{"href":"https:\/\/monodes.com\/predaelli\/wp-json\/wp\/v2\/posts"}],"about":[{"href":"https:\/\/monodes.com\/predaelli\/wp-json\/wp\/v2\/types\/post"}],"author":[{"embeddable":true,"href":"https:\/\/monodes.com\/predaelli\/wp-json\/wp\/v2\/users\/1"}],"replies":[{"embeddable":true,"href":"https:\/\/monodes.com\/predaelli\/wp-json\/wp\/v2\/comments?post=10414"}],"version-history":[{"count":0,"href":"https:\/\/monodes.com\/predaelli\/wp-json\/wp\/v2\/posts\/10414\/revisions"}],"wp:attachment":[{"href":"https:\/\/monodes.com\/predaelli\/wp-json\/wp\/v2\/media?parent=10414"}],"wp:term":[{"taxonomy":"category","embeddable":true,"href":"https:\/\/monodes.com\/predaelli\/wp-json\/wp\/v2\/categories?post=10414"},{"taxonomy":"post_tag","embeddable":true,"href":"https:\/\/monodes.com\/predaelli\/wp-json\/wp\/v2\/tags?post=10414"}],"curies":[{"name":"wp","href":"https:\/\/api.w.org\/{rel}","templated":true}]}}