{"id":10466,"date":"2023-05-13T15:56:27","date_gmt":"2023-05-13T13:56:27","guid":{"rendered":"https:\/\/monodes.com\/predaelli\/2023\/05\/13\/scrivere-a-mano-accende-il-nostro-cervello-ma-non-dite-ai-bambini-di-scrivere-come-vogliono-ecco-perche-a-confronto-con-la-grafologa-delleta-evolutiva-giorgia-filiossi-orizzonte-scuola-not\/"},"modified":"2023-05-13T15:56:27","modified_gmt":"2023-05-13T13:56:27","slug":"scrivere-a-mano-accende-il-nostro-cervello-ma-non-dite-ai-bambini-di-scrivere-come-vogliono-ecco-perche-a-confronto-con-la-grafologa-delleta-evolutiva-giorgia-filiossi-orizzonte-scuola-not","status":"publish","type":"post","link":"https:\/\/monodes.com\/predaelli\/2023\/05\/13\/scrivere-a-mano-accende-il-nostro-cervello-ma-non-dite-ai-bambini-di-scrivere-come-vogliono-ecco-perche-a-confronto-con-la-grafologa-delleta-evolutiva-giorgia-filiossi-orizzonte-scuola-not\/","title":{"rendered":"&#8220;Scrivere a mano accende il nostro cervello, ma non dite ai bambini di scrivere come vogliono. Ecco perch\u00e9&#8221;. A confronto con la grafologa dell&#8217;et\u00e0 evolutiva, Giorgia Filiossi &#8211; Orizzonte Scuola Notizie"},"content":{"rendered":"<p><a href=\"https:\/\/www.orizzontescuola.it\/scrivere-a-mano-accende-il-nostro-cervello-ma-non-dite-ai-bambini-di-scrivere-come-vogliono-ecco-perche-a-confronto-con-la-grafologa-delleta-evolutiva-giorgia-filiossi\/\">https:\/\/www.orizzontescuola.it\/scrivere-a-mano-accende-il-nostro-cervello-ma-non-dite-ai-bambini-di-scrivere-come-vogliono-ecco-perche-a-confronto-con-la-grafologa-delleta-evolutiva-giorgia-filiossi\/<\/a><\/p>","protected":false},"excerpt":{"rendered":"<p class=\"excerpt\">https:\/\/www.orizzontescuola.it\/scrivere-a-mano-accende-il-nostro-cervello-ma-non-dite-ai-bambini-di-scrivere-come-vogliono-ecco-perche-a-confronto-con-la-grafologa-delleta-evolutiva-giorgia-filiossi\/<\/p>\n<p class=\"more-link-p\"><a class=\"more-link\" href=\"https:\/\/monodes.com\/predaelli\/2023\/05\/13\/scrivere-a-mano-accende-il-nostro-cervello-ma-non-dite-ai-bambini-di-scrivere-come-vogliono-ecco-perche-a-confronto-con-la-grafologa-delleta-evolutiva-giorgia-filiossi-orizzonte-scuola-not\/\">Read more &rarr;<\/a><\/p>\n","protected":false},"author":1,"featured_media":0,"comment_status":"open","ping_status":"open","sticky":false,"template":"","format":"link","meta":{"inline_featured_image":false,"jetpack_post_was_ever_published":false,"_jetpack_newsletter_access":"","_jetpack_dont_email_post_to_subs":false,"_jetpack_newsletter_tier_id":0,"_jetpack_memberships_contains_paywalled_content":false,"_jetpack_memberships_contains_paid_content":false,"activitypub_content_warning":"","activitypub_content_visibility":"","activitypub_max_image_attachments":4,"activitypub_interaction_policy_quote":"anyone","activitypub_status":"","footnotes":"","jetpack_publicize_message":"","jetpack_publicize_feature_enabled":true,"jetpack_social_post_already_shared":true,"jetpack_social_options":{"image_generator_settings":{"template":"highway","default_image_id":0,"font":"","enabled":false},"version":2}},"categories":[1],"tags":[],"class_list":["post-10466","post","type-post","status-publish","format-link","hentry","category-senza-categoria","post_format-post-format-link"],"jetpack_publicize_connections":[],"jetpack_featured_media_url":"","jetpack_sharing_enabled":true,"jetpack_shortlink":"https:\/\/wp.me\/p6daft-2IO","jetpack-related-posts":[{"id":2423,"url":"https:\/\/monodes.com\/predaelli\/2017\/05\/02\/5-buone-ragioni-per-insegnare-ai-vostri-figli-a-giocare-di-ruolo-storie-di-ruolo\/","url_meta":{"origin":10466,"position":0},"title":"5 BUONE RAGIONI PER INSEGNARE AI VOSTRI FIGLI A GIOCARE DI RUOLO | Storie di Ruolo","author":"Paolo Redaelli","date":"2017-05-02","format":"link","excerpt":"Molto condivisibile questo: 5 BUONE RAGIONI PER INSEGNARE AI VOSTRI FIGLI A GIOCARE DI RUOLO | Storie di Ruolo Un po' D&D-centrico, ad esser sinceri, ma come rispondevano gi\u00e0 6 anni fa a chi lo notava non poi far gioco di ruolo prescindendo da D&D... 5 BUONE RAGIONI PER INSEGNARE\u2026","rel":"","context":"In &quot;Role Play Games&quot;","block_context":{"text":"Role Play Games","link":"https:\/\/monodes.com\/predaelli\/category\/games\/role-play-games\/"},"img":{"alt_text":"","src":"","width":0,"height":0},"classes":[]},{"id":9011,"url":"https:\/\/monodes.com\/predaelli\/2021\/12\/25\/luce-dona-alle-menti\/","url_meta":{"origin":10466,"position":1},"title":"Luce dona alle menti","author":"Paolo Redaelli","date":"2021-12-25","format":false,"excerpt":"Fin dall'inizio della pandemia ho trasmesso le Sante Messe della mia parrocchia (ne ho trasmesse tante da marzo 2020), ricevendo spessissimo \"contestazioni\" da parte di Youtube per violazioni dei diritti d'autore (copyright), sia legittime, quando il coro della S.Messa dei bambini intonava composizioni recenti che assolutamente pretestuose, come tutte le\u2026","rel":"","context":"In &quot;Copyright&quot;","block_context":{"text":"Copyright","link":"https:\/\/monodes.com\/predaelli\/category\/copyright\/"},"img":{"alt_text":"","src":"https:\/\/i0.wp.com\/monodes.com\/predaelli\/wp-content\/uploads\/sites\/4\/2021\/12\/luce-dona-alle-menti.webp?fit=956%2C551&ssl=1&resize=350%2C200","width":350,"height":200,"srcset":"https:\/\/i0.wp.com\/monodes.com\/predaelli\/wp-content\/uploads\/sites\/4\/2021\/12\/luce-dona-alle-menti.webp?fit=956%2C551&ssl=1&resize=350%2C200 1x, https:\/\/i0.wp.com\/monodes.com\/predaelli\/wp-content\/uploads\/sites\/4\/2021\/12\/luce-dona-alle-menti.webp?fit=956%2C551&ssl=1&resize=525%2C300 1.5x, https:\/\/i0.wp.com\/monodes.com\/predaelli\/wp-content\/uploads\/sites\/4\/2021\/12\/luce-dona-alle-menti.webp?fit=956%2C551&ssl=1&resize=700%2C400 2x"},"classes":[]},{"id":8648,"url":"https:\/\/monodes.com\/predaelli\/2021\/09\/08\/cara-facebook\/","url_meta":{"origin":10466,"position":2},"title":"Cara FaceBook","author":"Paolo Redaelli","date":"2021-09-08","format":false,"excerpt":"Come non condividere questo sfogo di Walter Di Gemma? Sacrosanto Caro Facebook, dire che sono basito \u00e8 poco, e dire che sto ridendo \u00e8 vero.Rido perch\u00e9 ora mi hai ridato la libert\u00e0 di postare e commentare dopo 24 ore, e ti ringrazio perch\u00e9...il motivo per il quale sono stato momentaneamente\u2026","rel":"","context":"In &quot;Ethics&quot;","block_context":{"text":"Ethics","link":"https:\/\/monodes.com\/predaelli\/category\/ethics\/"},"img":{"alt_text":"","src":"","width":0,"height":0},"classes":[]},{"id":3290,"url":"https:\/\/monodes.com\/predaelli\/2017\/08\/24\/pensare-in-lombardo-e-scrivere-un-fumetto-simona-scuri\/","url_meta":{"origin":10466,"position":3},"title":"Pensare in lombardo e scrivere un fumetto: Simona Scuri","author":"Paolo Redaelli","date":"2017-08-24","format":false,"excerpt":"Freccia, il romanzo urban fantasy di Emilio Alessandro Manzotti, sulle avventure di un gruppo di diavoli e umani nell\u2019Italia di oggi, ora diventa un fumetto in \u00a0lingua lombarda tramite la realizzaz\u2026 Sorgente: Pensare in lombardo e scrivere un fumetto: Simona Scuri \u2013 CHEWBECCA WITH IDRO&LITINA JONES Freccia, il romanzo urban\u2026","rel":"","context":"In &quot;Senza categoria&quot;","block_context":{"text":"Senza categoria","link":"https:\/\/monodes.com\/predaelli\/category\/senza-categoria\/"},"img":{"alt_text":"","src":"","width":0,"height":0},"classes":[]},{"id":13981,"url":"https:\/\/monodes.com\/predaelli\/2025\/09\/08\/le-12-fatiche-di-asterix\/","url_meta":{"origin":10466,"position":4},"title":"Le 12 fatiche di Asterix","author":"Paolo Redaelli","date":"2025-09-08","format":false,"excerpt":"Io non lo so se da piccolo ridevo cos\u00ec tanto per colpa dei Galli, dei Romani scemi o perch\u00e9 mia madre mi dava un Buond\u00ec e mi faceva sedere davanti alla TV, ma \u201cLe 12 fatiche di Asterix\u201d m\u2019ha sempre fatto piegare in due. E adesso che l\u2019ho rivisto da\u2026","rel":"","context":"In &quot;Fun&quot;","block_context":{"text":"Fun","link":"https:\/\/monodes.com\/predaelli\/category\/fun\/"},"img":{"alt_text":"","src":"https:\/\/i0.wp.com\/monodes.com\/predaelli\/wp-content\/uploads\/sites\/4\/2025\/09\/Le-12-fatiche-di-Asterix-0.webp?fit=746%2C576&ssl=1&resize=350%2C200","width":350,"height":200,"srcset":"https:\/\/i0.wp.com\/monodes.com\/predaelli\/wp-content\/uploads\/sites\/4\/2025\/09\/Le-12-fatiche-di-Asterix-0.webp?fit=746%2C576&ssl=1&resize=350%2C200 1x, https:\/\/i0.wp.com\/monodes.com\/predaelli\/wp-content\/uploads\/sites\/4\/2025\/09\/Le-12-fatiche-di-Asterix-0.webp?fit=746%2C576&ssl=1&resize=525%2C300 1.5x, https:\/\/i0.wp.com\/monodes.com\/predaelli\/wp-content\/uploads\/sites\/4\/2025\/09\/Le-12-fatiche-di-Asterix-0.webp?fit=746%2C576&ssl=1&resize=700%2C400 2x"},"classes":[]},{"id":14325,"url":"https:\/\/monodes.com\/predaelli\/2025\/11\/23\/ironclad-os-il-nuovo-kernel-unix-like-scritto-in-ada-e-spark-per-la-massima-sicurezza\/","url_meta":{"origin":10466,"position":5},"title":"Ironclad OS Il Nuovo Kernel Unix-like Scritto in Ada e SPARK per la Massima Sicurezza","author":"Paolo Redaelli","date":"2025-11-23","format":false,"excerpt":"Ironclad OS Il Nuovo Kernel Unix-like Scritto in Ada e SPARK per la Massima Sicurezza Il Ritorno di Ada nell\u2019Attenzione degli Sviluppatori Probabilmente grazie all\u2019interesse generato da Rust per i linguaggi sicuri, anche Ada sta tornando sotto i riflettori. Nel 2025, Ada \u00e8 rientrata nella top 20 dell\u2019indice TIOBE, una\u2026","rel":"","context":"In &quot;Senza categoria&quot;","block_context":{"text":"Senza categoria","link":"https:\/\/monodes.com\/predaelli\/category\/senza-categoria\/"},"img":{"alt_text":"","src":"","width":0,"height":0},"classes":[]}],"jetpack_likes_enabled":true,"_links":{"self":[{"href":"https:\/\/monodes.com\/predaelli\/wp-json\/wp\/v2\/posts\/10466","targetHints":{"allow":["GET"]}}],"collection":[{"href":"https:\/\/monodes.com\/predaelli\/wp-json\/wp\/v2\/posts"}],"about":[{"href":"https:\/\/monodes.com\/predaelli\/wp-json\/wp\/v2\/types\/post"}],"author":[{"embeddable":true,"href":"https:\/\/monodes.com\/predaelli\/wp-json\/wp\/v2\/users\/1"}],"replies":[{"embeddable":true,"href":"https:\/\/monodes.com\/predaelli\/wp-json\/wp\/v2\/comments?post=10466"}],"version-history":[{"count":0,"href":"https:\/\/monodes.com\/predaelli\/wp-json\/wp\/v2\/posts\/10466\/revisions"}],"wp:attachment":[{"href":"https:\/\/monodes.com\/predaelli\/wp-json\/wp\/v2\/media?parent=10466"}],"wp:term":[{"taxonomy":"category","embeddable":true,"href":"https:\/\/monodes.com\/predaelli\/wp-json\/wp\/v2\/categories?post=10466"},{"taxonomy":"post_tag","embeddable":true,"href":"https:\/\/monodes.com\/predaelli\/wp-json\/wp\/v2\/tags?post=10466"}],"curies":[{"name":"wp","href":"https:\/\/api.w.org\/{rel}","templated":true}]}}