{"id":10833,"date":"2023-09-30T20:57:57","date_gmt":"2023-09-30T18:57:57","guid":{"rendered":"https:\/\/monodes.com\/predaelli\/?p=10833"},"modified":"2023-09-30T20:57:59","modified_gmt":"2023-09-30T18:57:59","slug":"non-ce-una-spesa-che-non-sia-importante","status":"publish","type":"post","link":"https:\/\/monodes.com\/predaelli\/2023\/09\/30\/non-ce-una-spesa-che-non-sia-importante\/","title":{"rendered":"Non c&#8217;\u00e8 una spesa che non sia importante"},"content":{"rendered":"\n<p>E alla fine l&#8217;ho visto lo spot dell&#8217;Esselunga che ha sollevato tante polemiche, anche se oramai non guardo la TV da tipo dieci anni.<\/p>\n\n\n\n<p>Questo: <em><a href=\"https:\/\/www.esselunga.it\/cms\/non-ce-una-spesa-che-non-sia-importante.html\">Non c&#8217;\u00e8 una spesa che non sia importante<\/a><\/em><\/p>\n\n\n\n<figure class=\"wp-block-embed is-type-rich is-provider-embed-handler wp-block-embed-embed-handler\"><div class=\"wp-block-embed__wrapper\">\n<div style=\"width: 640px;\" class=\"wp-video\"><video class=\"wp-video-shortcode\" id=\"video-10833-1\" width=\"640\" height=\"360\" preload=\"metadata\" controls=\"controls\"><source type=\"video\/mp4\" src=\"https:\/\/www.esselunga.it\/statics\/video\/campagna-istituzionale\/Esselunga-non-ce-una-spesa-che-non-sia-importante.mp4?_=1\" \/><a href=\"https:\/\/www.esselunga.it\/statics\/video\/campagna-istituzionale\/Esselunga-non-ce-una-spesa-che-non-sia-importante.mp4\">https:\/\/www.esselunga.it\/statics\/video\/campagna-istituzionale\/Esselunga-non-ce-una-spesa-che-non-sia-importante.mp4<\/a><\/video><\/div>\n<\/div><\/figure>\n\n\n\n<p>Ed ho pianto<a href=\"https:\/\/lanuovabq.it\/it\/il-successo-di-emma-ci-dice-che-la-gente-e-stufa-di-falsita\">.<\/a><\/p>\n","protected":false},"excerpt":{"rendered":"<p class=\"excerpt\">E alla fine l&#8217;ho visto lo spot dell&#8217;Esselunga che ha sollevato tante polemiche, anche se oramai non guardo la TV da tipo dieci anni. Questo: Non c&#8217;\u00e8 una spesa che non sia importante Ed ho pianto.<\/p>\n<p class=\"more-link-p\"><a class=\"more-link\" href=\"https:\/\/monodes.com\/predaelli\/2023\/09\/30\/non-ce-una-spesa-che-non-sia-importante\/\">Read more &rarr;<\/a><\/p>\n","protected":false},"author":1,"featured_media":0,"comment_status":"open","ping_status":"open","sticky":false,"template":"","format":"standard","meta":{"inline_featured_image":false,"jetpack_post_was_ever_published":false,"_jetpack_newsletter_access":"","_jetpack_dont_email_post_to_subs":false,"_jetpack_newsletter_tier_id":0,"_jetpack_memberships_contains_paywalled_content":false,"_jetpack_memberships_contains_paid_content":false,"activitypub_content_warning":"","activitypub_content_visibility":"","activitypub_max_image_attachments":4,"activitypub_interaction_policy_quote":"anyone","activitypub_status":"","footnotes":"","jetpack_publicize_message":"","jetpack_publicize_feature_enabled":true,"jetpack_social_post_already_shared":true,"jetpack_social_options":{"image_generator_settings":{"template":"highway","default_image_id":0,"font":"","enabled":false},"version":2}},"categories":[1],"tags":[],"class_list":["post-10833","post","type-post","status-publish","format-standard","hentry","category-senza-categoria"],"jetpack_publicize_connections":[],"jetpack_featured_media_url":"","jetpack_sharing_enabled":true,"jetpack_shortlink":"https:\/\/wp.me\/p6daft-2OJ","jetpack-related-posts":[{"id":1570,"url":"https:\/\/monodes.com\/predaelli\/2016\/05\/26\/ufelee-fa-il-to-mestee\/","url_meta":{"origin":10833,"position":0},"title":"Ufelee, fa il t\u00f2 mestee","author":"Paolo Redaelli","date":"2016-05-26","format":false,"excerpt":"Volete evitare di ritrovarvi tra le mani un dispositivo tecnologico obsoleto? State lontani da questi prodotti! Secondo I peggiori acquisti che potreste fare in questo momento - Tom's Hardware dovrei evitare di acquistare macchine fotografiche \"piccoline\" perch\u00e9 i telefono fanno foto accettabili. Insomma queste: Infatti scrivono: Seguendo lo stesso principio,\u2026","rel":"","context":"In &quot;Comparisons&quot;","block_context":{"text":"Comparisons","link":"https:\/\/monodes.com\/predaelli\/category\/comparisons\/"},"img":{"alt_text":"","src":"https:\/\/i0.wp.com\/monodes.com\/predaelli\/wp-content\/uploads\/sites\/4\/2016\/05\/fotocamere-1.jpg?fit=600%2C345&ssl=1&resize=350%2C200","width":350,"height":200,"srcset":"https:\/\/i0.wp.com\/monodes.com\/predaelli\/wp-content\/uploads\/sites\/4\/2016\/05\/fotocamere-1.jpg?fit=600%2C345&ssl=1&resize=350%2C200 1x, https:\/\/i0.wp.com\/monodes.com\/predaelli\/wp-content\/uploads\/sites\/4\/2016\/05\/fotocamere-1.jpg?fit=600%2C345&ssl=1&resize=525%2C300 1.5x"},"classes":[]},{"id":7779,"url":"https:\/\/monodes.com\/predaelli\/2020\/11\/30\/elegante\/","url_meta":{"origin":10833,"position":1},"title":"Elegante","author":"Paolo Redaelli","date":"2020-11-30","format":false,"excerpt":"Molto carino il tema usato da Cava Bassanetti! Specialmente il men\u00f9 e la funzionalit\u00e0 di ricerca, pi\u00f9 che altro per la scelta dei font e le animazioni \"burrose\" Cos\u00ec scopro che dietro c'\u00e8 il \"solito\" WordPress (Dio sia lodato per aver illuminato Matt!) con il tema Salient che promette sfracelli.\u2026","rel":"","context":"In &quot;Themes&quot;","block_context":{"text":"Themes","link":"https:\/\/monodes.com\/predaelli\/category\/themes\/"},"img":{"alt_text":"","src":"https:\/\/i0.wp.com\/monodes.com\/predaelli\/wp-content\/uploads\/sites\/4\/2020\/11\/immagine.png?resize=350%2C200","width":350,"height":200,"srcset":"https:\/\/i0.wp.com\/monodes.com\/predaelli\/wp-content\/uploads\/sites\/4\/2020\/11\/immagine.png?resize=350%2C200 1x, https:\/\/i0.wp.com\/monodes.com\/predaelli\/wp-content\/uploads\/sites\/4\/2020\/11\/immagine.png?resize=525%2C300 1.5x, https:\/\/i0.wp.com\/monodes.com\/predaelli\/wp-content\/uploads\/sites\/4\/2020\/11\/immagine.png?resize=700%2C400 2x"},"classes":[]},{"id":10667,"url":"https:\/\/monodes.com\/predaelli\/2023\/07\/31\/pessima-fastweb\/","url_meta":{"origin":10833,"position":2},"title":"Pessima Fastweb","author":"Paolo Redaelli","date":"2023-07-31","format":false,"excerpt":"Pessima, pessima Fastweb sia come fornitore di fonia fissa che mobile ed anche come fornitore Internet. Avevamo una linea fissa della tanto vituperata Telecom. Che certo \u00e8 pi\u00f9 cara delle altre ma non cade quasi mai. Ed assieme avevamo anche delle SIM con contratti fonia e dati. Certo, pi\u00f9 cari\u2026","rel":"","context":"In &quot;Mood&quot;","block_context":{"text":"Mood","link":"https:\/\/monodes.com\/predaelli\/category\/mood\/"},"img":{"alt_text":"","src":"","width":0,"height":0},"classes":[]},{"id":13235,"url":"https:\/\/monodes.com\/predaelli\/2026\/04\/25\/destra-e-sinistra\/","url_meta":{"origin":10833,"position":3},"title":"Destra e sinistra","author":"Paolo Redaelli","date":"2026-04-25","format":false,"excerpt":"Ogni volta che qualcuno si mette a parlare di destra e sinistra, la mente mi corre a Gaber che con la sua solita arguzia ci spiegava ormai gi\u00e0 trent'anni fa concetti che molti non riescono ancora ad afferrare. https:\/\/www.youtube.com\/watch?v=kZHvXtl4KY0 Testo Destra-Sinistra\u00a0- 1995\/1996 \u00a0http:\/\/www.youtube.com\/embed\/5SCJEpB56Go Le parole, definiscono il mondo, se non\u2026","rel":"","context":"In &quot;Mood&quot;","block_context":{"text":"Mood","link":"https:\/\/monodes.com\/predaelli\/category\/mood\/"},"img":{"alt_text":"","src":"https:\/\/i0.wp.com\/img.youtube.com\/vi\/kZHvXtl4KY0\/0.jpg?resize=350%2C200","width":350,"height":200},"classes":[]},{"id":13170,"url":"https:\/\/monodes.com\/predaelli\/2025\/04\/20\/che-sia-santa-la-vostra-pasqua\/","url_meta":{"origin":10833,"position":4},"title":"Che sia Santa, la vostra Pasqua!","author":"Paolo Redaelli","date":"2025-04-20","format":false,"excerpt":"Uncaught mysqli_sql_exception: Too many connections Tentando di accedere a it.cathopedia.org cercando \"luned\u00ec in Albis\" Beh, \u00e8 davvero Pasqua se il server di cathopedia \u00e8 sotto carico!","rel":"","context":"In &quot;Catholicism&quot;","block_context":{"text":"Catholicism","link":"https:\/\/monodes.com\/predaelli\/category\/catholicism\/"},"img":{"alt_text":"","src":"","width":0,"height":0},"classes":[]},{"id":14307,"url":"https:\/\/monodes.com\/predaelli\/2025\/11\/19\/uessebbicci\/","url_meta":{"origin":10833,"position":5},"title":"Uessebbicc\u00ec","author":"Paolo Redaelli","date":"2025-11-19","format":false,"excerpt":"Caricabatterie universale: dal 2028 in UE obbligatori USB-C e cavi rimovibili. Per la sostenibilit\u00e0 Da una parte fa piacere che ci sia una standardizzazione il pi\u00f9 possibile estesa, che porta indubbi benefici in ogni direzione, dall'usabilit\u00e0 al risparmio energetico (che per\u00f2 a livello mondiale conta pochissimo). Da un'altra parte temo\u2026","rel":"","context":"In &quot;Hardware&quot;","block_context":{"text":"Hardware","link":"https:\/\/monodes.com\/predaelli\/category\/hardware\/"},"img":{"alt_text":"","src":"https:\/\/i0.wp.com\/monodes.com\/predaelli\/wp-content\/uploads\/sites\/4\/2025\/11\/usbc.webp?fit=1200%2C675&ssl=1&resize=350%2C200","width":350,"height":200,"srcset":"https:\/\/i0.wp.com\/monodes.com\/predaelli\/wp-content\/uploads\/sites\/4\/2025\/11\/usbc.webp?fit=1200%2C675&ssl=1&resize=350%2C200 1x, https:\/\/i0.wp.com\/monodes.com\/predaelli\/wp-content\/uploads\/sites\/4\/2025\/11\/usbc.webp?fit=1200%2C675&ssl=1&resize=525%2C300 1.5x, https:\/\/i0.wp.com\/monodes.com\/predaelli\/wp-content\/uploads\/sites\/4\/2025\/11\/usbc.webp?fit=1200%2C675&ssl=1&resize=700%2C400 2x, https:\/\/i0.wp.com\/monodes.com\/predaelli\/wp-content\/uploads\/sites\/4\/2025\/11\/usbc.webp?fit=1200%2C675&ssl=1&resize=1050%2C600 3x"},"classes":[]}],"jetpack_likes_enabled":true,"_links":{"self":[{"href":"https:\/\/monodes.com\/predaelli\/wp-json\/wp\/v2\/posts\/10833","targetHints":{"allow":["GET"]}}],"collection":[{"href":"https:\/\/monodes.com\/predaelli\/wp-json\/wp\/v2\/posts"}],"about":[{"href":"https:\/\/monodes.com\/predaelli\/wp-json\/wp\/v2\/types\/post"}],"author":[{"embeddable":true,"href":"https:\/\/monodes.com\/predaelli\/wp-json\/wp\/v2\/users\/1"}],"replies":[{"embeddable":true,"href":"https:\/\/monodes.com\/predaelli\/wp-json\/wp\/v2\/comments?post=10833"}],"version-history":[{"count":0,"href":"https:\/\/monodes.com\/predaelli\/wp-json\/wp\/v2\/posts\/10833\/revisions"}],"wp:attachment":[{"href":"https:\/\/monodes.com\/predaelli\/wp-json\/wp\/v2\/media?parent=10833"}],"wp:term":[{"taxonomy":"category","embeddable":true,"href":"https:\/\/monodes.com\/predaelli\/wp-json\/wp\/v2\/categories?post=10833"},{"taxonomy":"post_tag","embeddable":true,"href":"https:\/\/monodes.com\/predaelli\/wp-json\/wp\/v2\/tags?post=10833"}],"curies":[{"name":"wp","href":"https:\/\/api.w.org\/{rel}","templated":true}]}}