{"id":14388,"date":"2025-12-04T00:33:33","date_gmt":"2025-12-03T23:33:33","guid":{"rendered":"https:\/\/monodes.com\/predaelli\/?p=14388"},"modified":"2025-12-04T00:33:34","modified_gmt":"2025-12-03T23:33:34","slug":"lelenco-degli-autovelox","status":"publish","type":"post","link":"https:\/\/monodes.com\/predaelli\/2025\/12\/04\/lelenco-degli-autovelox\/","title":{"rendered":"L&#8217;elenco degli autovelox"},"content":{"rendered":"\n<blockquote class=\"wp-block-quote is-layout-flow wp-block-quote-is-layout-flow\"><div class=\"wp-block-image\">\n<figure class=\"alignright is-resized\"><img data-recalc-dims=\"1\" decoding=\"async\" src=\"https:\/\/i0.wp.com\/cdn.dmove.it\/images\/49250\/autovelox_cover.jpg?w=910&#038;ssl=1\" alt=\"\" style=\"width:300px\"\/><\/figure><\/div>\n\n\n<h2 class=\"wp-block-heading\"><a href=\"https:\/\/www.dmove.it\/news\/e-online-lelenco-ufficiale-degli-autovelox-i-dispositivi-non-registrati-sono-stati-spenti?utm_source=firefox-newtab-it-it\">\u00c8 online l\u2019elenco ufficiale degli autovelox. I dispositivi non registrati sono stati spenti<\/a><\/h2>\n\n\n\n<p>Pubblicato l\u2019archivio nazionale dei dispositivi: chi non ha comunicato i dati deve spegnere gli autovelox: l&#8217;<a href=\"https:\/\/velox.mit.gov.it\/dispositivi\" target=\"_blank\" rel=\"noreferrer noopener\">elenco aggiornato \u00e8 sul sito Ministero delle infrastrutture<\/a>.<\/p>\n<\/blockquote>\n\n\n\n<p><\/p>\n","protected":false},"excerpt":{"rendered":"<p class=\"excerpt\">\n<p class=\"more-link-p\"><a class=\"more-link\" href=\"https:\/\/monodes.com\/predaelli\/2025\/12\/04\/lelenco-degli-autovelox\/\">Read more &rarr;<\/a><\/p>\n","protected":false},"author":1,"featured_media":0,"comment_status":"open","ping_status":"open","sticky":false,"template":"","format":"standard","meta":{"inline_featured_image":false,"jetpack_post_was_ever_published":false,"_jetpack_newsletter_access":"","_jetpack_dont_email_post_to_subs":false,"_jetpack_newsletter_tier_id":0,"_jetpack_memberships_contains_paywalled_content":false,"_jetpack_memberships_contains_paid_content":false,"activitypub_content_warning":"","activitypub_content_visibility":"","activitypub_max_image_attachments":4,"activitypub_interaction_policy_quote":"anyone","activitypub_status":"federated","footnotes":"","jetpack_publicize_message":"","jetpack_publicize_feature_enabled":true,"jetpack_social_post_already_shared":false,"jetpack_social_options":{"image_generator_settings":{"template":"highway","default_image_id":0,"font":"","enabled":false},"version":2}},"categories":[1],"tags":[],"class_list":["post-14388","post","type-post","status-publish","format-standard","hentry","category-senza-categoria"],"jetpack_publicize_connections":[],"jetpack_featured_media_url":"","jetpack_sharing_enabled":true,"jetpack_shortlink":"https:\/\/wp.me\/p6daft-3K4","jetpack-related-posts":[{"id":9020,"url":"https:\/\/monodes.com\/predaelli\/2021\/12\/29\/sicomputer-dispositivi-tecnologici-italiani\/","url_meta":{"origin":14388,"position":0},"title":"SiComputer &#8211; Dispositivi tecnologici italiani","author":"Paolo Redaelli","date":"2021-12-29","format":false,"excerpt":"SiComputer - Dispositivi tecnologici italiani Siamo il principale produttore italiano di dispositivi informatici. Primo partner italiano di Intel e Microsoft, abbiamo oltre 1.300 rivenditori in Italia e all\u2019estero Non li conoscevo! Peccato non propongano Linux preinstallato, sarebbero diventati il mio produttore di fiducia! Sperando non facciano la fine della Stonex...","rel":"","context":"In &quot;Hardware&quot;","block_context":{"text":"Hardware","link":"https:\/\/monodes.com\/predaelli\/category\/hardware\/"},"img":{"alt_text":"","src":"","width":0,"height":0},"classes":[]},{"id":12272,"url":"https:\/\/monodes.com\/predaelli\/2025\/01\/15\/12272\/","url_meta":{"origin":14388,"position":1},"title":"Un insieme praticamente vuoto","author":"Paolo Redaelli","date":"2025-01-15","format":"status","excerpt":"Amici sono coloro a cui non temiamo di aprire il nostro cuore e ci\u00f2 che vi \u00e8 in esso Sant'Aelredo di Rievaulx (1110-12\/01\/1167) (condiviso da charliebunga97 su IG) Pi\u00f9 passa il tempo pi\u00f9 l'elenco di quelli a cui non temo di confidarmi si assottiglia. Direi che l'insieme \u00e8 oramai praticamente\u2026","rel":"","context":"In &quot;Mood&quot;","block_context":{"text":"Mood","link":"https:\/\/monodes.com\/predaelli\/category\/mood\/"},"img":{"alt_text":"","src":"https:\/\/i0.wp.com\/monodes.com\/predaelli\/wp-content\/uploads\/sites\/4\/2025\/01\/santaelredo.webp?fit=433%2C665&ssl=1&resize=350%2C200","width":350,"height":200},"classes":[]},{"id":10171,"url":"https:\/\/monodes.com\/predaelli\/2022\/12\/31\/ottima-notizia\/","url_meta":{"origin":14388,"position":2},"title":"Ottima notizia","author":"Paolo Redaelli","date":"2022-12-31","format":false,"excerpt":"WhatsApp smetter\u00e0 di funzionare il 31 dicembre 2022 su molti telefoni datati Sono i modelli pi\u00f9 vecchi che perdono la compatibilit\u00e0 con l\u2019app di messaggistica a causa della vetust\u00e0 del sistema operativo non pi\u00f9 aggiornato. E questa \u00e8 un'ottima notizia! Magari qualcuno passer\u00e0 a Telegram o Signal Tuttavia \u00e8 un\u2026","rel":"","context":"In &quot;Android&quot;","block_context":{"text":"Android","link":"https:\/\/monodes.com\/predaelli\/category\/android-2\/"},"img":{"alt_text":"","src":"","width":0,"height":0},"classes":[]},{"id":9620,"url":"https:\/\/monodes.com\/predaelli\/2022\/09\/19\/neffscape\/","url_meta":{"origin":14388,"position":3},"title":"Neffscape >>","author":"Paolo Redaelli","date":"2022-09-19","format":false,"excerpt":"Neffscape >> Notizie, guide, e approfondimenti sul mondo della tecnologia, dell\\'informatica e del software libero - A cura di Marco Boneff. Ossia quando i temi non erano dodici megabytes ma bastava un CSS liscio liscio e quattro immagini. Carino, l'unica pecca \u00e8 che non \u00e8 responsivo, ma non poteva esserlo:\u2026","rel":"","context":"In &quot;Mood&quot;","block_context":{"text":"Mood","link":"https:\/\/monodes.com\/predaelli\/category\/mood\/"},"img":{"alt_text":"","src":"","width":0,"height":0},"classes":[]},{"id":8585,"url":"https:\/\/monodes.com\/predaelli\/2021\/09\/08\/waydroid-alternativa-ad-anbox-porta-le-android-app-su-linux\/","url_meta":{"origin":14388,"position":4},"title":"WayDroid alternativa ad Anbox: porta le Android app su Linux","author":"Paolo Redaelli","date":"2021-09-08","format":false,"excerpt":"WayDroid pu\u00f2 essere eseguito su dispositivi Halium 9 .... ma funziona anche su smartphone con un kernel Linux mainline come .... il Librem 5... Source: WayDroid alternativa ad Anbox: porta le Android app su Linux Bene. Ora manca solo che me lo spediscano, questo benedetto Librem5!","rel":"","context":"In &quot;Android&quot;","block_context":{"text":"Android","link":"https:\/\/monodes.com\/predaelli\/category\/smartphones\/android\/"},"img":{"alt_text":"","src":"https:\/\/i0.wp.com\/monodes.com\/predaelli\/wp-content\/uploads\/sites\/4\/2021\/07\/android-linux-waydroid-1155x770-1.png?resize=350%2C200&ssl=1","width":350,"height":200,"srcset":"https:\/\/i0.wp.com\/monodes.com\/predaelli\/wp-content\/uploads\/sites\/4\/2021\/07\/android-linux-waydroid-1155x770-1.png?resize=350%2C200&ssl=1 1x, https:\/\/i0.wp.com\/monodes.com\/predaelli\/wp-content\/uploads\/sites\/4\/2021\/07\/android-linux-waydroid-1155x770-1.png?resize=525%2C300&ssl=1 1.5x, https:\/\/i0.wp.com\/monodes.com\/predaelli\/wp-content\/uploads\/sites\/4\/2021\/07\/android-linux-waydroid-1155x770-1.png?resize=700%2C400&ssl=1 2x, https:\/\/i0.wp.com\/monodes.com\/predaelli\/wp-content\/uploads\/sites\/4\/2021\/07\/android-linux-waydroid-1155x770-1.png?resize=1050%2C600&ssl=1 3x"},"classes":[]},{"id":7646,"url":"https:\/\/monodes.com\/predaelli\/2020\/09\/26\/usare-bamboo-slate-con-linux\/","url_meta":{"origin":14388,"position":5},"title":"Usare Bamboo Slate con Linux","author":"Paolo Redaelli","date":"2020-09-26","format":false,"excerpt":"La notizia non \u00e8 \"esattamente fresca\", ma s\u00ec, si possono usare gli SmartPad di Wacom con Linux, ossia il Bamboo Slate ed il Bamboo Spark, con... Tuhi Tuhi \u00e8 un'applicazione per Linux che si collega e recupera i dati dai dispositivi Wacom \"ad inchiostro\": lo Spark, lo Slate, il FOlio,\u2026","rel":"","context":"In &quot;Software&quot;","block_context":{"text":"Software","link":"https:\/\/monodes.com\/predaelli\/category\/software\/"},"img":{"alt_text":"","src":"https:\/\/i0.wp.com\/monodes.com\/predaelli\/wp-content\/uploads\/sites\/4\/2020\/09\/6.jpg?resize=350%2C200&ssl=1","width":350,"height":200,"srcset":"https:\/\/i0.wp.com\/monodes.com\/predaelli\/wp-content\/uploads\/sites\/4\/2020\/09\/6.jpg?resize=350%2C200&ssl=1 1x, https:\/\/i0.wp.com\/monodes.com\/predaelli\/wp-content\/uploads\/sites\/4\/2020\/09\/6.jpg?resize=525%2C300&ssl=1 1.5x, https:\/\/i0.wp.com\/monodes.com\/predaelli\/wp-content\/uploads\/sites\/4\/2020\/09\/6.jpg?resize=700%2C400&ssl=1 2x"},"classes":[]}],"jetpack_likes_enabled":true,"_links":{"self":[{"href":"https:\/\/monodes.com\/predaelli\/wp-json\/wp\/v2\/posts\/14388","targetHints":{"allow":["GET"]}}],"collection":[{"href":"https:\/\/monodes.com\/predaelli\/wp-json\/wp\/v2\/posts"}],"about":[{"href":"https:\/\/monodes.com\/predaelli\/wp-json\/wp\/v2\/types\/post"}],"author":[{"embeddable":true,"href":"https:\/\/monodes.com\/predaelli\/wp-json\/wp\/v2\/users\/1"}],"replies":[{"embeddable":true,"href":"https:\/\/monodes.com\/predaelli\/wp-json\/wp\/v2\/comments?post=14388"}],"version-history":[{"count":2,"href":"https:\/\/monodes.com\/predaelli\/wp-json\/wp\/v2\/posts\/14388\/revisions"}],"predecessor-version":[{"id":14397,"href":"https:\/\/monodes.com\/predaelli\/wp-json\/wp\/v2\/posts\/14388\/revisions\/14397"}],"wp:attachment":[{"href":"https:\/\/monodes.com\/predaelli\/wp-json\/wp\/v2\/media?parent=14388"}],"wp:term":[{"taxonomy":"category","embeddable":true,"href":"https:\/\/monodes.com\/predaelli\/wp-json\/wp\/v2\/categories?post=14388"},{"taxonomy":"post_tag","embeddable":true,"href":"https:\/\/monodes.com\/predaelli\/wp-json\/wp\/v2\/tags?post=14388"}],"curies":[{"name":"wp","href":"https:\/\/api.w.org\/{rel}","templated":true}]}}