{"id":3287,"date":"2017-08-24T11:38:25","date_gmt":"2017-08-24T09:38:25","guid":{"rendered":"http:\/\/monodes.com\/predaelli\/?p=3287"},"modified":"2017-08-24T11:38:25","modified_gmt":"2017-08-24T09:38:25","slug":"flica-il-primo-fumetto-in-lingua-lombarda-iosonofreccia","status":"publish","type":"post","link":"https:\/\/monodes.com\/predaelli\/2017\/08\/24\/flica-il-primo-fumetto-in-lingua-lombarda-iosonofreccia\/","title":{"rendered":"Fli\u00e7a, il primo fumetto in lingua lombarda \u2013 IoSonoFreccia"},"content":{"rendered":"<p><a href=\"http:\/\/www.iosonofreccia.com\/it\/table\/flica-il-primo-fumetto-in-lingua-lombarda\/\"><img data-recalc-dims=\"1\" decoding=\"async\" class=\"alignnone size-full\" src=\"https:\/\/i0.wp.com\/monodes.com\/predaelli\/wp-content\/uploads\/sites\/4\/2017\/08\/Copertina-FliC3A7a_ISF.png?w=910\" alt=\"\" \/><\/a>\u00a0<em><a href=\"http:\/\/www.iosonofreccia.com\/it\/table\/flica-il-primo-fumetto-in-lingua-lombarda\/\">Fli\u00e7a, il primo fumetto in lingua lombarda \u2013 IoSonoFreccia<\/a><\/em><\/p>\n<p>Wow!<\/p>\n","protected":false},"excerpt":{"rendered":"<p class=\"excerpt\">\u00a0Fli\u00e7a, il primo fumetto in lingua lombarda \u2013 IoSonoFreccia Wow!<\/p>\n<p class=\"more-link-p\"><a class=\"more-link\" href=\"https:\/\/monodes.com\/predaelli\/2017\/08\/24\/flica-il-primo-fumetto-in-lingua-lombarda-iosonofreccia\/\">Read more &rarr;<\/a><\/p>\n","protected":false},"author":1,"featured_media":0,"comment_status":"open","ping_status":"open","sticky":false,"template":"","format":"standard","meta":{"inline_featured_image":false,"jetpack_post_was_ever_published":false,"_jetpack_newsletter_access":"","_jetpack_dont_email_post_to_subs":false,"_jetpack_newsletter_tier_id":0,"_jetpack_memberships_contains_paywalled_content":false,"_jetpack_memberships_contains_paid_content":false,"activitypub_content_warning":"","activitypub_content_visibility":"","activitypub_max_image_attachments":4,"activitypub_interaction_policy_quote":"anyone","activitypub_status":"","footnotes":"","jetpack_publicize_message":"","jetpack_publicize_feature_enabled":true,"jetpack_social_post_already_shared":true,"jetpack_social_options":{"image_generator_settings":{"template":"highway","default_image_id":0,"font":"","enabled":false},"version":2}},"categories":[1],"tags":[],"class_list":["post-3287","post","type-post","status-publish","format-standard","hentry","category-senza-categoria"],"jetpack_publicize_connections":[],"jetpack_featured_media_url":"","jetpack_sharing_enabled":true,"jetpack_shortlink":"https:\/\/wp.me\/p6daft-R1","jetpack-related-posts":[{"id":3290,"url":"https:\/\/monodes.com\/predaelli\/2017\/08\/24\/pensare-in-lombardo-e-scrivere-un-fumetto-simona-scuri\/","url_meta":{"origin":3287,"position":0},"title":"Pensare in lombardo e scrivere un fumetto: Simona Scuri","author":"Paolo Redaelli","date":"2017-08-24","format":false,"excerpt":"Freccia, il romanzo urban fantasy di Emilio Alessandro Manzotti, sulle avventure di un gruppo di diavoli e umani nell\u2019Italia di oggi, ora diventa un fumetto in \u00a0lingua lombarda tramite la realizzaz\u2026 Sorgente: Pensare in lombardo e scrivere un fumetto: Simona Scuri \u2013 CHEWBECCA WITH IDRO&LITINA JONES Freccia, il romanzo urban\u2026","rel":"","context":"In &quot;Senza categoria&quot;","block_context":{"text":"Senza categoria","link":"https:\/\/monodes.com\/predaelli\/category\/senza-categoria\/"},"img":{"alt_text":"","src":"","width":0,"height":0},"classes":[]},{"id":3330,"url":"https:\/\/monodes.com\/predaelli\/2017\/09\/04\/frizzy-il-primo-telefono-android-a-tastiera\/","url_meta":{"origin":3287,"position":1},"title":"Frizzy: il primo telefono Android a tastiera","author":"Paolo Redaelli","date":"2017-09-04","format":false,"excerpt":"Frizzy: il primo telefono Android a tastiera http:\/\/www.bitmat.it\/blog\/news\/66901\/frizzy-primo-telefono-android-tastiera Tutto quello che avrebbe dovuto essere il redivivo Nokia 3310","rel":"","context":"In &quot;Senza categoria&quot;","block_context":{"text":"Senza categoria","link":"https:\/\/monodes.com\/predaelli\/category\/senza-categoria\/"},"img":{"alt_text":"","src":"","width":0,"height":0},"classes":[]},{"id":10901,"url":"https:\/\/monodes.com\/predaelli\/2023\/10\/21\/il-latino\/","url_meta":{"origin":3287,"position":2},"title":"Il latino","author":"Paolo Redaelli","date":"2023-10-21","format":"quote","excerpt":"Il latino \u00e8 una lingua precisa, essenziale. Verr\u00e0 abbandonata non perch\u00e9 inadeguata alle nuove esigenze del progresso, ma perch\u00e9 gli uomini nuovi non saranno pi\u00f9 adeguati ad essa. Quando inizier\u00e0 l\u2019era dei demagoghi, dei ciarlatani, una lingua come quella latina non potr\u00e0 pi\u00f9 servire e qualsiasi cafone potr\u00e0 impunemente tenere\u2026","rel":"","context":"In &quot;Mood&quot;","block_context":{"text":"Mood","link":"https:\/\/monodes.com\/predaelli\/category\/mood\/"},"img":{"alt_text":"Giovannino Guareschi","src":"https:\/\/i0.wp.com\/monodes.com\/predaelli\/wp-content\/uploads\/sites\/4\/2023\/10\/guareschi.webp?fit=1200%2C900&ssl=1&resize=350%2C200","width":350,"height":200,"srcset":"https:\/\/i0.wp.com\/monodes.com\/predaelli\/wp-content\/uploads\/sites\/4\/2023\/10\/guareschi.webp?fit=1200%2C900&ssl=1&resize=350%2C200 1x, https:\/\/i0.wp.com\/monodes.com\/predaelli\/wp-content\/uploads\/sites\/4\/2023\/10\/guareschi.webp?fit=1200%2C900&ssl=1&resize=525%2C300 1.5x, https:\/\/i0.wp.com\/monodes.com\/predaelli\/wp-content\/uploads\/sites\/4\/2023\/10\/guareschi.webp?fit=1200%2C900&ssl=1&resize=700%2C400 2x, https:\/\/i0.wp.com\/monodes.com\/predaelli\/wp-content\/uploads\/sites\/4\/2023\/10\/guareschi.webp?fit=1200%2C900&ssl=1&resize=1050%2C600 3x"},"classes":[]},{"id":11549,"url":"https:\/\/monodes.com\/predaelli\/2024\/03\/31\/%e1%bc%80%ce%bd-%e1%bc%80%cf%81%cf%87%cf%8c%cf%82\/","url_meta":{"origin":3287,"position":3},"title":"\u1f00\u03bd + \u1f00\u03c1\u03c7\u03cc\u03c2","author":"Paolo Redaelli","date":"2024-03-31","format":false,"excerpt":"Pi\u00f9 passa il tempo pi\u00f9 mi vien voglia di studiare il greco. Per esempio, Uno degli etimi della \"famigerata\" parola \"anarchia\" \u00e8 \u1f00\u03bd ed \u1f00\u03c1\u03c7\u03cc\u03c2, ossia \"senza sovrano o potere\" Il greco antico \u00e8 davvero una lingua affascinante. Peccato voglia prima imparare il CInese Mandarino, il Francese e il Russo....\u2026","rel":"","context":"In &quot;Ethics&quot;","block_context":{"text":"Ethics","link":"https:\/\/monodes.com\/predaelli\/category\/ethics\/"},"img":{"alt_text":"","src":"","width":0,"height":0},"classes":[]},{"id":7156,"url":"https:\/\/monodes.com\/predaelli\/2020\/05\/03\/lo-spazio-non-e-curvo-e-un-fluido-dilatante-e-i-conti-tornano-un-passo-verso-la-tanto-attesa-gravita-quantistica-reccom-magazine\/","url_meta":{"origin":3287,"position":4},"title":"Lo spazio non \u00e8 curvo. E&#8217; un fluido dilatante. E i conti tornano. Un passo verso la tanto attesa gravit\u00e0 quantistica? | Reccom Magazine","author":"Paolo Redaelli","date":"2020-05-03","format":"link","excerpt":"Il preside che sfida Einstein: il primo a derivare, al di fuori della relativit\u00e0 generale, l'equazione del genio della fisica che spiega la precessione di Mercurio e la \"danza\" delle stelle. Source: Lo spazio non \u00e8 curvo. E' un fluido dilatante. E i conti tornano. Un passo verso la tanto\u2026","rel":"","context":"In &quot;Senza categoria&quot;","block_context":{"text":"Senza categoria","link":"https:\/\/monodes.com\/predaelli\/category\/senza-categoria\/"},"img":{"alt_text":"","src":"","width":0,"height":0},"classes":[]},{"id":3747,"url":"https:\/\/monodes.com\/predaelli\/2018\/02\/05\/realisti-di-una-realta-piu-grande-oggiscienza\/","url_meta":{"origin":3287,"position":5},"title":"Realisti di una realt\u00e0 pi\u00f9 grande \u2013 OggiScienza","author":"Paolo Redaelli","date":"2018-02-05","format":false,"excerpt":"Realisti di una realt\u00e0 pi\u00f9 grande \u2013 OggiScienza L\u2019altro pilastro della produzione letteraria di Le Guin \u00e8 la saga fantasy di Earthsea, composta da cinque romanzi e otto racconti. Un mondo al quale l\u2019autrice era molto legata e al quale \u00e8 tornata spesso \u2013 il primo romanzo, A wizard of\u2026","rel":"","context":"In &quot;Fun&quot;","block_context":{"text":"Fun","link":"https:\/\/monodes.com\/predaelli\/category\/fun\/"},"img":{"alt_text":"","src":"https:\/\/i0.wp.com\/monodes.com\/predaelli\/wp-content\/uploads\/sites\/4\/2018\/02\/citt_-delle-illusioni-copertina-fronte-def.jpeg?fit=350%2C220&ssl=1&resize=350%2C200","width":350,"height":200},"classes":[]}],"jetpack_likes_enabled":true,"_links":{"self":[{"href":"https:\/\/monodes.com\/predaelli\/wp-json\/wp\/v2\/posts\/3287","targetHints":{"allow":["GET"]}}],"collection":[{"href":"https:\/\/monodes.com\/predaelli\/wp-json\/wp\/v2\/posts"}],"about":[{"href":"https:\/\/monodes.com\/predaelli\/wp-json\/wp\/v2\/types\/post"}],"author":[{"embeddable":true,"href":"https:\/\/monodes.com\/predaelli\/wp-json\/wp\/v2\/users\/1"}],"replies":[{"embeddable":true,"href":"https:\/\/monodes.com\/predaelli\/wp-json\/wp\/v2\/comments?post=3287"}],"version-history":[{"count":0,"href":"https:\/\/monodes.com\/predaelli\/wp-json\/wp\/v2\/posts\/3287\/revisions"}],"wp:attachment":[{"href":"https:\/\/monodes.com\/predaelli\/wp-json\/wp\/v2\/media?parent=3287"}],"wp:term":[{"taxonomy":"category","embeddable":true,"href":"https:\/\/monodes.com\/predaelli\/wp-json\/wp\/v2\/categories?post=3287"},{"taxonomy":"post_tag","embeddable":true,"href":"https:\/\/monodes.com\/predaelli\/wp-json\/wp\/v2\/tags?post=3287"}],"curies":[{"name":"wp","href":"https:\/\/api.w.org\/{rel}","templated":true}]}}