{"id":3431,"date":"2017-10-09T21:08:00","date_gmt":"2017-10-09T19:08:00","guid":{"rendered":"https:\/\/monodes.com\/predaelli\/2017\/10\/09\/wow\/"},"modified":"2017-10-09T21:08:00","modified_gmt":"2017-10-09T19:08:00","slug":"wow","status":"publish","type":"post","link":"https:\/\/monodes.com\/predaelli\/2017\/10\/09\/wow\/","title":{"rendered":"Wow"},"content":{"rendered":"<p><img data-recalc-dims=\"1\" decoding=\"async\" class=\"failed size-full\" data-wpid=\"486\" src=\"https:\/\/i0.wp.com\/monodes.com\/predaelli\/wp-content\/uploads\/sites\/4\/2017\/10\/img_20171009_190245-1810178171-1.jpg?w=910&#038;ssl=1\"\/> Il clicca e vai di Esselunga.<\/p>\n","protected":false},"excerpt":{"rendered":"<p class=\"excerpt\">Il clicca e vai di Esselunga.<\/p>\n<p class=\"more-link-p\"><a class=\"more-link\" href=\"https:\/\/monodes.com\/predaelli\/2017\/10\/09\/wow\/\">Read more &rarr;<\/a><\/p>\n","protected":false},"author":1,"featured_media":0,"comment_status":"open","ping_status":"open","sticky":false,"template":"","format":"standard","meta":{"inline_featured_image":false,"jetpack_post_was_ever_published":false,"_jetpack_newsletter_access":"","_jetpack_dont_email_post_to_subs":false,"_jetpack_newsletter_tier_id":0,"_jetpack_memberships_contains_paywalled_content":false,"_jetpack_memberships_contains_paid_content":false,"activitypub_content_warning":"","activitypub_content_visibility":"","activitypub_max_image_attachments":4,"activitypub_interaction_policy_quote":"anyone","activitypub_status":"","footnotes":"","jetpack_publicize_message":"","jetpack_publicize_feature_enabled":true,"jetpack_social_post_already_shared":true,"jetpack_social_options":{"image_generator_settings":{"template":"highway","default_image_id":0,"font":"","enabled":false},"version":2}},"categories":[19],"tags":[],"class_list":["post-3431","post","type-post","status-publish","format-standard","hentry","category-mood"],"jetpack_publicize_connections":[],"jetpack_featured_media_url":"","jetpack_sharing_enabled":true,"jetpack_shortlink":"https:\/\/wp.me\/s6daft-wow","jetpack-related-posts":[{"id":2629,"url":"https:\/\/monodes.com\/predaelli\/2017\/06\/16\/non-ai-cinesi\/","url_meta":{"origin":3431,"position":0},"title":"Non ai cinesi!","author":"Paolo Redaelli","date":"2017-06-16","format":false,"excerpt":"Caprotti, l'umiliazione dietro la pioggia di soldi. Uno schiaffo: le mani dei comunisti su Esselunga Cara famiglia Caprotti, non vendete. E soprattutto non vendete ai cinesi. Poi fate come volete, ma se vendete avete perso pi\u00f9 di un cliente: me e la mia famiglia. \u00a0","rel":"","context":"In &quot;Mood&quot;","block_context":{"text":"Mood","link":"https:\/\/monodes.com\/predaelli\/category\/mood\/"},"img":{"alt_text":"","src":"","width":0,"height":0},"classes":[]},{"id":6681,"url":"https:\/\/monodes.com\/predaelli\/2020\/02\/15\/alfin-poste-chiude-la-posta\/","url_meta":{"origin":3431,"position":1},"title":"Alfin Poste chiude la posta.","author":"Paolo Redaelli","date":"2020-02-15","format":false,"excerpt":"\u00a0 Secondo voi una societ\u00e0 che si chiama \"Poste Italiane\" e che ha avuto per pi\u00f9 di un secolo il monopolio della posta in Italia non avrebbe come \"missione aziendale\" nel XXI secolo di offrire servizi di posta elettronica? Ovvio che s\u00ec. Ed in fatti Poste Italiane con la diffusione\u2026","rel":"","context":"In &quot;Mood&quot;","block_context":{"text":"Mood","link":"https:\/\/monodes.com\/predaelli\/category\/mood\/"},"img":{"alt_text":"","src":"https:\/\/i0.wp.com\/monodes.com\/predaelli\/wp-content\/uploads\/sites\/4\/2020\/02\/Screenshot_2020-02-15-Poste-Italiane-Servizi-postali-finanziari-e-assicurativi2-300x159-1.png?resize=350%2C200&ssl=1","width":350,"height":200},"classes":[]},{"id":11802,"url":"https:\/\/monodes.com\/predaelli\/2024\/07\/10\/11802\/","url_meta":{"origin":3431,"position":2},"title":"A che ora vai a\u2026","author":"Paolo Redaelli","date":"2024-07-10","format":"status","excerpt":"A che ora vai a letto e ti svegli attualmente? Ossign\u00fcr, che domanda difficile! La sveglia \u00e8 praticamente sempre ore 6.00, tranne in vacanza. Non ho un orario per coricarmi, passo dall'andare a letto alle 2 o anche alle 3 del mattino quando ho qualcosa di importante da terminare ad\u2026","rel":"","context":"In &quot;Mood&quot;","block_context":{"text":"Mood","link":"https:\/\/monodes.com\/predaelli\/category\/mood\/"},"img":{"alt_text":"","src":"","width":0,"height":0},"classes":[]},{"id":3691,"url":"https:\/\/monodes.com\/predaelli\/2018\/01\/23\/la-scienza-delle-costruzioni-e-il-suo-sviluppo-storico-edizioni-di-storia-e-letteratura\/","url_meta":{"origin":3431,"position":3},"title":"La scienza delle costruzioni e il suo sviluppo storico | Edizioni di Storia e Letteratura","author":"Paolo Redaelli","date":"2018-01-23","format":false,"excerpt":"Da leggere: La scienza delle costruzioni e il suo sviluppo storico | Edizioni di Storia e Letteratura","rel":"","context":"In &quot;Mood&quot;","block_context":{"text":"Mood","link":"https:\/\/monodes.com\/predaelli\/category\/mood\/"},"img":{"alt_text":"","src":"","width":0,"height":0},"classes":[]},{"id":7373,"url":"https:\/\/monodes.com\/predaelli\/2020\/07\/01\/51-anni\/","url_meta":{"origin":3431,"position":4},"title":"51 anni","author":"Paolo Redaelli","date":"2020-07-01","format":false,"excerpt":"Ah, le facezie dell'informatica! Io 51 anni fa non ero ancora nato. E poi quella \u00e8 una approssimazione, che il fine conoscitore di Unix ben sapr\u00e0 che il tempo nei sistemi POSIX \u00e8 contato come numero di secondi a partire dalla mezzanotte del 1 gennaio 1970. Quella pagina essendo il\u2026","rel":"","context":"In &quot;Fun&quot;","block_context":{"text":"Fun","link":"https:\/\/monodes.com\/predaelli\/category\/fun\/"},"img":{"alt_text":"","src":"","width":0,"height":0},"classes":[]},{"id":12272,"url":"https:\/\/monodes.com\/predaelli\/2025\/01\/15\/12272\/","url_meta":{"origin":3431,"position":5},"title":"Un insieme praticamente vuoto","author":"Paolo Redaelli","date":"2025-01-15","format":"status","excerpt":"Amici sono coloro a cui non temiamo di aprire il nostro cuore e ci\u00f2 che vi \u00e8 in esso Sant'Aelredo di Rievaulx (1110-12\/01\/1167) (condiviso da charliebunga97 su IG) Pi\u00f9 passa il tempo pi\u00f9 l'elenco di quelli a cui non temo di confidarmi si assottiglia. Direi che l'insieme \u00e8 oramai praticamente\u2026","rel":"","context":"In &quot;Mood&quot;","block_context":{"text":"Mood","link":"https:\/\/monodes.com\/predaelli\/category\/mood\/"},"img":{"alt_text":"","src":"https:\/\/i0.wp.com\/monodes.com\/predaelli\/wp-content\/uploads\/sites\/4\/2025\/01\/santaelredo.webp?fit=433%2C665&ssl=1&resize=350%2C200","width":350,"height":200},"classes":[]}],"jetpack_likes_enabled":true,"_links":{"self":[{"href":"https:\/\/monodes.com\/predaelli\/wp-json\/wp\/v2\/posts\/3431","targetHints":{"allow":["GET"]}}],"collection":[{"href":"https:\/\/monodes.com\/predaelli\/wp-json\/wp\/v2\/posts"}],"about":[{"href":"https:\/\/monodes.com\/predaelli\/wp-json\/wp\/v2\/types\/post"}],"author":[{"embeddable":true,"href":"https:\/\/monodes.com\/predaelli\/wp-json\/wp\/v2\/users\/1"}],"replies":[{"embeddable":true,"href":"https:\/\/monodes.com\/predaelli\/wp-json\/wp\/v2\/comments?post=3431"}],"version-history":[{"count":0,"href":"https:\/\/monodes.com\/predaelli\/wp-json\/wp\/v2\/posts\/3431\/revisions"}],"wp:attachment":[{"href":"https:\/\/monodes.com\/predaelli\/wp-json\/wp\/v2\/media?parent=3431"}],"wp:term":[{"taxonomy":"category","embeddable":true,"href":"https:\/\/monodes.com\/predaelli\/wp-json\/wp\/v2\/categories?post=3431"},{"taxonomy":"post_tag","embeddable":true,"href":"https:\/\/monodes.com\/predaelli\/wp-json\/wp\/v2\/tags?post=3431"}],"curies":[{"name":"wp","href":"https:\/\/api.w.org\/{rel}","templated":true}]}}