{"id":4650,"date":"2018-10-15T21:16:43","date_gmt":"2018-10-15T19:16:43","guid":{"rendered":"https:\/\/monodes.com\/predaelli\/?p=4650"},"modified":"2018-10-15T10:17:06","modified_gmt":"2018-10-15T08:17:06","slug":"lauto-elettrica-inquina-anche-piu-del-diesel","status":"publish","type":"post","link":"https:\/\/monodes.com\/predaelli\/2018\/10\/15\/lauto-elettrica-inquina-anche-piu-del-diesel\/","title":{"rendered":"\u00abL&#8217;auto elettrica? Inquina anche pi\u00f9 del diesel\u00bb"},"content":{"rendered":"<blockquote><p>Una ricerca americana certifica che la CO2 complessiva prodotta da questi veicoli \u00e8 inferiore a quelli a gasolio solo nei pochi Paesi dove l&#8217;elettricit\u00e0 proviene da fonti rinnovabili<\/p><\/blockquote>\n<p>Che differenza questo articolo de l&#8217;Avvenire: <em><a href=\"https:\/\/www.avvenire.it\/economia\/pagine\/auto-elettrica-inquina-piu-del-diesel\">\u00abL&#8217;auto elettrica? Inquina anche pi\u00f9 del diesel\u00bb<\/a><\/em> contro articoli pi\u00f9 raffazzonati come <a href=\"https:\/\/www.blitzquotidiano.it\/energia\/auto-elettrica-fake-news-2894942\/\">questo su blitzquotidiano.it<\/a>. Da notare che lo studio statunitense riportato da Avvenire conferma un altro norvegese riportato da <a href=\"https:\/\/www.6sicuro.it\/confronta-e-risparmia\/elettrica-benzina-o-diesel\">6sicuro.it<\/a> gi\u00e0 nel 2015 dove scrivevano:<\/p>\n<blockquote><p>Uno studio che arriva da Oslo entra a gamba tesa sulle <strong>auto elettriche<\/strong>: inquinano pi\u00f9 dei tradizionali <strong>benzina<\/strong> e <strong>diesel<\/strong>. &#8230;.e questo dipende in larga misura dai <strong>processi utilizzati per produrre energia elettrica<\/strong> nelle diverse zone del mondo. &#8230; Innanzitutto, l\u2019analisi rileva che<strong> la produzione di una vettura elettrica \u00e8 pi\u00f9 inquinante di quella di una automobile \u201cnormale\u201d<\/strong>. &#8230;<br \/>\n<strong>\u2028E poi arriva l\u2019affondo.<\/strong> Se per alimentare le vetture elettriche si usa energia derivata da fonti \u201cpulite\u201d, allora la riduzione delle emissioni e dei gas di scarico diventa un vantaggio tangibile. Altrimenti, siamo punto e a capo. Il problema non si pone in <strong>Europa<\/strong>, dove l\u2019energia \u00e8 ottenuta da fonti diversi (alcune delle quali \u201cgreen\u201d). Niente da fare, invece, laddove l\u2019energia elettrica si ottiene principalmente (se non quasi esclusivamente) da fonti non rinnovabili.<\/p><\/blockquote>\n","protected":false},"excerpt":{"rendered":"<p class=\"excerpt\">Una ricerca americana certifica che la CO2 complessiva prodotta da questi veicoli \u00e8 inferiore a quelli a gasolio solo nei pochi Paesi dove l&#8217;elettricit\u00e0 proviene da fonti rinnovabili Che differenza questo articolo de l&#8217;Avvenire: \u00abL&#8217;auto elettrica? Inquina anche pi\u00f9 del diesel\u00bb contro articoli pi\u00f9 raffazzonati come questo su blitzquotidiano.it. Da notare che lo studio statunitense&hellip;<\/p>\n<p class=\"more-link-p\"><a class=\"more-link\" href=\"https:\/\/monodes.com\/predaelli\/2018\/10\/15\/lauto-elettrica-inquina-anche-piu-del-diesel\/\">Read more &rarr;<\/a><\/p>\n","protected":false},"author":1,"featured_media":0,"comment_status":"open","ping_status":"open","sticky":false,"template":"","format":"standard","meta":{"inline_featured_image":false,"jetpack_post_was_ever_published":false,"_jetpack_newsletter_access":"","_jetpack_dont_email_post_to_subs":false,"_jetpack_newsletter_tier_id":0,"_jetpack_memberships_contains_paywalled_content":false,"_jetpack_memberships_contains_paid_content":false,"activitypub_content_warning":"","activitypub_content_visibility":"","activitypub_max_image_attachments":4,"activitypub_interaction_policy_quote":"anyone","activitypub_status":"","footnotes":"","jetpack_publicize_message":"","jetpack_publicize_feature_enabled":true,"jetpack_social_post_already_shared":true,"jetpack_social_options":{"image_generator_settings":{"template":"highway","default_image_id":0,"font":"","enabled":false},"version":2}},"categories":[171,19],"tags":[],"class_list":["post-4650","post","type-post","status-publish","format-standard","hentry","category-ethics","category-mood"],"jetpack_publicize_connections":[],"jetpack_featured_media_url":"","jetpack_sharing_enabled":true,"jetpack_shortlink":"https:\/\/wp.me\/p6daft-1d0","jetpack-related-posts":[{"id":9493,"url":"https:\/\/monodes.com\/predaelli\/2022\/07\/13\/intelligenza-artificiale-e-rischi-connessi\/","url_meta":{"origin":4650,"position":0},"title":"Intelligenza artificiale e rischi connessi","author":"Paolo Redaelli","date":"2022-07-13","format":false,"excerpt":"Molto interessante e condivisibile \"Intelligenza artificiale e rischi connessi\" Oggi l\u2019IA (AI in inglese) \u00e8 una tecnologia parecchio usata ma, come spesso accade i rischi connessi, che potrebbero portare alle situazioni descritte da Huxley in \"A brave new world\", non sono ancora correttamente percepiti. Suona quasi strano leggere riflessioni del\u2026","rel":"","context":"In &quot;Ethics&quot;","block_context":{"text":"Ethics","link":"https:\/\/monodes.com\/predaelli\/category\/ethics\/"},"img":{"alt_text":"Intelligenza artificiale e rischi connessi","src":"https:\/\/webapi.ingenio-web.it\/immagini\/file\/33678","width":350,"height":200,"srcset":"https:\/\/webapi.ingenio-web.it\/immagini\/file\/33678 1x, https:\/\/webapi.ingenio-web.it\/immagini\/file\/33678 1.5x, https:\/\/webapi.ingenio-web.it\/immagini\/file\/33678 2x"},"classes":[]},{"id":15283,"url":"https:\/\/monodes.com\/predaelli\/2026\/03\/06\/1578-%e2%86%92-www-alvolante-it\/","url_meta":{"origin":4650,"position":1},"title":"1578 \u2192 www.alvolante.it","author":"Paolo Redaelli","date":"2026-03-06","format":false,"excerpt":"\"BYD Blade Battery 2.0: addio attese, il pieno elettrico si fa in 10 minuti\" titola AlVolante.it infilandoci 1578 biscotti, ma la cosa pi\u00f9 inquietante sono le specifiche di questi punti di ricarica: un megawatt e mezzo a mille volt per ogni singola \"spina\" di ricarica. Roba da De Lorean e\u2026","rel":"","context":"In &quot;Mood&quot;","block_context":{"text":"Mood","link":"https:\/\/monodes.com\/predaelli\/category\/mood\/"},"img":{"alt_text":"","src":"","width":0,"height":0},"classes":[]},{"id":11222,"url":"https:\/\/monodes.com\/predaelli\/2024\/01\/18\/fattori-di-emissione-a-caldo\/","url_meta":{"origin":4650,"position":2},"title":"Fattori di emissione a caldo","author":"Paolo Redaelli","date":"2024-01-18","format":false,"excerpt":"Guardate questo studio CNR. Il minimo delle emissioni inquinanti per le vetture a benzina (grafico a sinistra) si ha intorno ai 50 km\/ora, mentre per i Diesel intorno ai 70 km\/ora. Tra 0 e 30 km\/ora le emissioni aumentano molto significativamente: per i benzina del 50% e per i diesel\u2026","rel":"","context":"In &quot;Senza categoria&quot;","block_context":{"text":"Senza categoria","link":"https:\/\/monodes.com\/predaelli\/category\/senza-categoria\/"},"img":{"alt_text":"","src":"https:\/\/i0.wp.com\/monodes.com\/predaelli\/wp-content\/uploads\/sites\/4\/2024\/01\/fattori-di-emissione.webp?fit=1200%2C679&ssl=1&resize=350%2C200","width":350,"height":200,"srcset":"https:\/\/i0.wp.com\/monodes.com\/predaelli\/wp-content\/uploads\/sites\/4\/2024\/01\/fattori-di-emissione.webp?fit=1200%2C679&ssl=1&resize=350%2C200 1x, https:\/\/i0.wp.com\/monodes.com\/predaelli\/wp-content\/uploads\/sites\/4\/2024\/01\/fattori-di-emissione.webp?fit=1200%2C679&ssl=1&resize=525%2C300 1.5x, https:\/\/i0.wp.com\/monodes.com\/predaelli\/wp-content\/uploads\/sites\/4\/2024\/01\/fattori-di-emissione.webp?fit=1200%2C679&ssl=1&resize=700%2C400 2x, https:\/\/i0.wp.com\/monodes.com\/predaelli\/wp-content\/uploads\/sites\/4\/2024\/01\/fattori-di-emissione.webp?fit=1200%2C679&ssl=1&resize=1050%2C600 3x"},"classes":[]},{"id":5396,"url":"https:\/\/monodes.com\/predaelli\/2019\/03\/25\/moto-elettrica-zero-ds\/","url_meta":{"origin":4650,"position":3},"title":"Moto elettrica Zero DS","author":"Paolo Redaelli","date":"2019-03-25","format":false,"excerpt":"Sito ufficiale della moto elettrica Zero DS - Una moto elettrica dual sport per guida su strada e fuoristrada. Potente, affidabile ed entusiasmante da guidare. Prodotta in California. Source: Moto elettrica Zero DS || ZERO MOTORCYCLES Praticamente l'elasticicletta-2 di Elastigirl vista negli \"Incredibili 2\". E ciumbia, si guida con patente\u2026","rel":"","context":"In &quot;Fun&quot;","block_context":{"text":"Fun","link":"https:\/\/monodes.com\/predaelli\/category\/fun\/"},"img":{"alt_text":"","src":"","width":0,"height":0},"classes":[]},{"id":15025,"url":"https:\/\/monodes.com\/predaelli\/2026\/02\/11\/ci-vado-io\/","url_meta":{"origin":4650,"position":4},"title":"Ci vado io","author":"Paolo Redaelli","date":"2026-02-11","format":false,"excerpt":"Inchiesta Glovo a Milano: pagati 2,50\u20ac a consegna. Tronfio di aver sempre evitato come la peste questi servizi di consegna a domicilio (Glovo, Just Eat, Foodora, Deliveroo) : non voglio essere complice di questa forma moderna e strisciante di schiavit\u00f9. Se voglio una pizza da asporto me la vado a\u2026","rel":"","context":"In &quot;Ethics&quot;","block_context":{"text":"Ethics","link":"https:\/\/monodes.com\/predaelli\/category\/ethics\/"},"img":{"alt_text":"","src":"","width":0,"height":0},"classes":[]},{"id":10346,"url":"https:\/\/monodes.com\/predaelli\/2023\/04\/01\/che-sia-la-volta-buona\/","url_meta":{"origin":4650,"position":5},"title":"Che sia la volta buona?","author":"Paolo Redaelli","date":"2023-04-01","format":false,"excerpt":"https:\/\/www.fanpage.it\/innovazione\/scienze\/batteria-sperimentale-puo-aumentare-di-10-volte-lautonomia-delle-auto-elettriche-possibile-svolta\/ l'articolo \u00e8 pubblicato su fanpage quindi \u00e8 necessariamente da prendere con le pinze e del sano scetticismo ma\u2026 Se la promessa verr\u00e0 mantenuta beh, allora saremo davvero ad un punto di svolta: un aumento della densit\u00e0 di energia di ordine di grandezza \u00e8 veramente un'innovazione necessaria per il successo\u2026","rel":"","context":"In &quot;Good news&quot;","block_context":{"text":"Good news","link":"https:\/\/monodes.com\/predaelli\/category\/good-news\/"},"img":{"alt_text":"","src":"","width":0,"height":0},"classes":[]}],"jetpack_likes_enabled":true,"_links":{"self":[{"href":"https:\/\/monodes.com\/predaelli\/wp-json\/wp\/v2\/posts\/4650","targetHints":{"allow":["GET"]}}],"collection":[{"href":"https:\/\/monodes.com\/predaelli\/wp-json\/wp\/v2\/posts"}],"about":[{"href":"https:\/\/monodes.com\/predaelli\/wp-json\/wp\/v2\/types\/post"}],"author":[{"embeddable":true,"href":"https:\/\/monodes.com\/predaelli\/wp-json\/wp\/v2\/users\/1"}],"replies":[{"embeddable":true,"href":"https:\/\/monodes.com\/predaelli\/wp-json\/wp\/v2\/comments?post=4650"}],"version-history":[{"count":0,"href":"https:\/\/monodes.com\/predaelli\/wp-json\/wp\/v2\/posts\/4650\/revisions"}],"wp:attachment":[{"href":"https:\/\/monodes.com\/predaelli\/wp-json\/wp\/v2\/media?parent=4650"}],"wp:term":[{"taxonomy":"category","embeddable":true,"href":"https:\/\/monodes.com\/predaelli\/wp-json\/wp\/v2\/categories?post=4650"},{"taxonomy":"post_tag","embeddable":true,"href":"https:\/\/monodes.com\/predaelli\/wp-json\/wp\/v2\/tags?post=4650"}],"curies":[{"name":"wp","href":"https:\/\/api.w.org\/{rel}","templated":true}]}}