{"id":5524,"date":"2019-04-28T13:19:56","date_gmt":"2019-04-28T11:19:56","guid":{"rendered":"https:\/\/monodes.com\/predaelli\/2019\/04\/28\/schiumare-il-brodo-si-o-no-scuola-di-cucina-mistercarota-com\/"},"modified":"2019-04-28T13:19:56","modified_gmt":"2019-04-28T11:19:56","slug":"schiumare-il-brodo-si-o-no-scuola-di-cucina-mistercarota-com","status":"publish","type":"post","link":"https:\/\/monodes.com\/predaelli\/2019\/04\/28\/schiumare-il-brodo-si-o-no-scuola-di-cucina-mistercarota-com\/","title":{"rendered":"Schiumare il brodo si o no, scuola di cucina &#8211; Mistercarota.com"},"content":{"rendered":"<p><a href=\"https:\/\/www.mistercarota.com\/scuola-di-cucina\/schiumare-il-brodo-si-o-no_sp093.htm\">https:\/\/www.mistercarota.com\/scuola-di-cucina\/schiumare-il-brodo-si-o-no_sp093.htm<\/a><\/p>\n<p>Interessanti considerazioni su brodi e bolliti che condivido.<\/p>\n<p>Ci son cos\u00ec tante considerazioni da fare sulla nostra cucina. Chiss\u00e0 se riuscir\u00f2 mai a trovare il tempo per condividerle, magari in Inglese e Milanese \ud83d\ude03<\/p>\n","protected":false},"excerpt":{"rendered":"<p class=\"excerpt\">https:\/\/www.mistercarota.com\/scuola-di-cucina\/schiumare-il-brodo-si-o-no_sp093.htm Interessanti considerazioni su brodi e bolliti che condivido. Ci son cos\u00ec tante considerazioni da fare sulla nostra cucina. Chiss\u00e0 se riuscir\u00f2 mai a trovare il tempo per condividerle, magari in Inglese e Milanese \ud83d\ude03<\/p>\n<p class=\"more-link-p\"><a class=\"more-link\" href=\"https:\/\/monodes.com\/predaelli\/2019\/04\/28\/schiumare-il-brodo-si-o-no-scuola-di-cucina-mistercarota-com\/\">Read more &rarr;<\/a><\/p>\n","protected":false},"author":1,"featured_media":0,"comment_status":"open","ping_status":"open","sticky":false,"template":"","format":"standard","meta":{"inline_featured_image":false,"jetpack_post_was_ever_published":false,"_jetpack_newsletter_access":"","_jetpack_dont_email_post_to_subs":false,"_jetpack_newsletter_tier_id":0,"_jetpack_memberships_contains_paywalled_content":false,"_jetpack_memberships_contains_paid_content":false,"activitypub_content_warning":"","activitypub_content_visibility":"","activitypub_max_image_attachments":4,"activitypub_interaction_policy_quote":"anyone","activitypub_status":"","footnotes":"","jetpack_publicize_message":"","jetpack_publicize_feature_enabled":true,"jetpack_social_post_already_shared":true,"jetpack_social_options":{"image_generator_settings":{"template":"highway","default_image_id":0,"font":"","enabled":false},"version":2}},"categories":[1],"tags":[],"class_list":["post-5524","post","type-post","status-publish","format-standard","hentry","category-senza-categoria"],"jetpack_publicize_connections":[],"jetpack_featured_media_url":"","jetpack_sharing_enabled":true,"jetpack_shortlink":"https:\/\/wp.me\/p6daft-1r6","jetpack-related-posts":[{"id":9486,"url":"https:\/\/monodes.com\/predaelli\/2022\/07\/09\/bbq-ribs-costine-di-maiale-al-forno-unamericana-in-cucina\/","url_meta":{"origin":5524,"position":0},"title":"BBQ Ribs (costine di maiale) al forno &#8211; Un&#8217;americana in cucina","author":"Paolo Redaelli","date":"2022-07-09","format":"link","excerpt":"\u00a0BBQ Ribs (costine di maiale) al forno - Un'americana in cucina ...Mitica Laurel Evans! BBQ Ribs al forno Dry rub, quanto basta (ricetta segue) 2 file di costine di maiale intere da circa 1,4 kg ciascuna salsa barbecue (qui trovate la ricetta) Eliminate il grasso in eccesso eventualmente presente e\u2026","rel":"","context":"In &quot;Food&quot;","block_context":{"text":"Food","link":"https:\/\/monodes.com\/predaelli\/category\/food\/"},"img":{"alt_text":"","src":"","width":0,"height":0},"classes":[]},{"id":9756,"url":"https:\/\/monodes.com\/predaelli\/2022\/10\/20\/offensivo\/","url_meta":{"origin":5524,"position":1},"title":"Offensivo","author":"Paolo Redaelli","date":"2022-10-20","format":false,"excerpt":"Ferrari hackerata, azienda smentisce violazione. Cos\u00ec esordisce It2go Milano ed in bella mostra mettono questa copertina piena di schermate di terminale, tra cui \u00e8 riconoscibilissimo htop in basso a destra oltre a tree, delle opzioni di gcc e dei comuni log di sistema. Francamente trovo questa associazione offensiva. \u00c8 come\u2026","rel":"","context":"In &quot;Mood&quot;","block_context":{"text":"Mood","link":"https:\/\/monodes.com\/predaelli\/category\/mood\/"},"img":{"alt_text":"","src":"","width":0,"height":0},"classes":[]},{"id":11868,"url":"https:\/\/monodes.com\/predaelli\/2024\/08\/14\/11868\/","url_meta":{"origin":5524,"position":2},"title":"Creare un piano di preparazione\u2026","author":"Paolo Redaelli","date":"2024-08-14","format":false,"excerpt":"Creare un piano di preparazione alle emergenze. Dipende cosa si intende per \"emergenza\". Una bomba nucleare su Milano? L'interruzione della corrente elettrica per enne mesi? Quando hanno iniziato a ventilare le serrate all'inizio del 2020 ho fatto incetta di riso pasta e legumi secchi. Li ho ancora in cantina. La\u2026","rel":"","context":"In &quot;Senza categoria&quot;","block_context":{"text":"Senza categoria","link":"https:\/\/monodes.com\/predaelli\/category\/senza-categoria\/"},"img":{"alt_text":"","src":"","width":0,"height":0},"classes":[]},{"id":8686,"url":"https:\/\/monodes.com\/predaelli\/2021\/09\/27\/padella-rivestita-olav\/","url_meta":{"origin":5524,"position":3},"title":"Padella rivestita Olav","author":"Paolo Redaelli","date":"2021-09-27","format":false,"excerpt":"Pu\u00f2 essere rivestita Se la tua padella si graffia, non devi buttarla, puoi semplicemente prenotare il nostro servizio di rivestimento. Riceverai un'etichetta di spedizione con la quale potrai spedire la tua padella, noi rinnoveremo il rivestimento e te la rispediremo indietro. Il servizio costa solo 35\u20ac. La spedizione \u00e8 ovviamente\u2026","rel":"","context":"In &quot;Senza categoria&quot;","block_context":{"text":"Senza categoria","link":"https:\/\/monodes.com\/predaelli\/category\/senza-categoria\/"},"img":{"alt_text":"","src":"","width":0,"height":0},"classes":[]},{"id":14441,"url":"https:\/\/monodes.com\/predaelli\/2025\/12\/10\/il-codice-del-calore-come-cuocere-carne-e-pesce-con-tecnica-impeccabile-food-and-wine-italia\/","url_meta":{"origin":5524,"position":4},"title":"Il codice del calore: come cuocere carne e pesce con tecnica impeccabile \u2022 Food and Wine Italia","author":"Paolo Redaelli","date":"2025-12-10","format":false,"excerpt":"Il codice del calore: come cuocere carne e pesce con tecnica impeccabile \u2022 Food and Wine Italia Il codice del calore: come cuocere carne e pesce con tecnica impeccabile Leonardo Ciccarelli Scienza, struttura muscolare e segreti professionali per migliorare sapore, consistenza e risultati in cucina Nel vasto vocabolario del gusto,\u2026","rel":"","context":"In &quot;Food&quot;","block_context":{"text":"Food","link":"https:\/\/monodes.com\/predaelli\/category\/food\/"},"img":{"alt_text":"","src":"https:\/\/i0.wp.com\/monodes.com\/predaelli\/wp-content\/uploads\/sites\/4\/2025\/12\/codice-del-calore-cucinare-carne-pesce-scienza-rfwe652tue9y6tt5fkrkhc8doxjb1jhyiz4vulkqig.webp?fit=800%2C620&ssl=1&resize=350%2C200","width":350,"height":200,"srcset":"https:\/\/i0.wp.com\/monodes.com\/predaelli\/wp-content\/uploads\/sites\/4\/2025\/12\/codice-del-calore-cucinare-carne-pesce-scienza-rfwe652tue9y6tt5fkrkhc8doxjb1jhyiz4vulkqig.webp?fit=800%2C620&ssl=1&resize=350%2C200 1x, https:\/\/i0.wp.com\/monodes.com\/predaelli\/wp-content\/uploads\/sites\/4\/2025\/12\/codice-del-calore-cucinare-carne-pesce-scienza-rfwe652tue9y6tt5fkrkhc8doxjb1jhyiz4vulkqig.webp?fit=800%2C620&ssl=1&resize=525%2C300 1.5x, https:\/\/i0.wp.com\/monodes.com\/predaelli\/wp-content\/uploads\/sites\/4\/2025\/12\/codice-del-calore-cucinare-carne-pesce-scienza-rfwe652tue9y6tt5fkrkhc8doxjb1jhyiz4vulkqig.webp?fit=800%2C620&ssl=1&resize=700%2C400 2x"},"classes":[]},{"id":1809,"url":"https:\/\/monodes.com\/predaelli\/2016\/10\/20\/software-libero-e-linux-nella-scuola-e-nella-didattica\/","url_meta":{"origin":5524,"position":5},"title":"Software libero e linux nella scuola e nella didattica","author":"Paolo Redaelli","date":"2016-10-20","format":"link","excerpt":"Software libero e linux nella scuola e nella didattica Sorgente: Software libero e linux nella scuola e nella didattica","rel":"","context":"In &quot;Senza categoria&quot;","block_context":{"text":"Senza categoria","link":"https:\/\/monodes.com\/predaelli\/category\/senza-categoria\/"},"img":{"alt_text":"","src":"","width":0,"height":0},"classes":[]}],"jetpack_likes_enabled":true,"_links":{"self":[{"href":"https:\/\/monodes.com\/predaelli\/wp-json\/wp\/v2\/posts\/5524","targetHints":{"allow":["GET"]}}],"collection":[{"href":"https:\/\/monodes.com\/predaelli\/wp-json\/wp\/v2\/posts"}],"about":[{"href":"https:\/\/monodes.com\/predaelli\/wp-json\/wp\/v2\/types\/post"}],"author":[{"embeddable":true,"href":"https:\/\/monodes.com\/predaelli\/wp-json\/wp\/v2\/users\/1"}],"replies":[{"embeddable":true,"href":"https:\/\/monodes.com\/predaelli\/wp-json\/wp\/v2\/comments?post=5524"}],"version-history":[{"count":0,"href":"https:\/\/monodes.com\/predaelli\/wp-json\/wp\/v2\/posts\/5524\/revisions"}],"wp:attachment":[{"href":"https:\/\/monodes.com\/predaelli\/wp-json\/wp\/v2\/media?parent=5524"}],"wp:term":[{"taxonomy":"category","embeddable":true,"href":"https:\/\/monodes.com\/predaelli\/wp-json\/wp\/v2\/categories?post=5524"},{"taxonomy":"post_tag","embeddable":true,"href":"https:\/\/monodes.com\/predaelli\/wp-json\/wp\/v2\/tags?post=5524"}],"curies":[{"name":"wp","href":"https:\/\/api.w.org\/{rel}","templated":true}]}}