{"id":6691,"date":"2020-02-16T22:01:48","date_gmt":"2020-02-16T21:01:48","guid":{"rendered":"https:\/\/monodes.com\/predaelli\/?p=6691"},"modified":"2020-02-16T22:01:48","modified_gmt":"2020-02-16T21:01:48","slug":"le-10-parole-piu-belle-del-dialetto-milanese-milano-citta-stato","status":"publish","type":"post","link":"https:\/\/monodes.com\/predaelli\/2020\/02\/16\/le-10-parole-piu-belle-del-dialetto-milanese-milano-citta-stato\/","title":{"rendered":"Le 10 parole pi\u00f9 belle del DIALETTO milanese &#8211; Milano Citt\u00e0 Stato"},"content":{"rendered":"<blockquote><p>Che lingua fantastica \u00e8 il milanese. Queste sono le sue parole pi\u00f9 belle.<\/p><\/blockquote>\n<p><em><a href=\"https:\/\/www.milanocittastato.it\/featured\/le-10-parole-piu-belle-del-dialetto-milanese\/\">Le 10 parole pi\u00f9 belle del DIALETTO milanese &#8211; Milano Citt\u00e0 Stato<\/a><\/em>.<\/p>\n<p>Sulle prime sembra carina. Poi ti rendi conto che liquidano un&#8217;intera lingua &#8211; sebbene locale &#8211; con dieci lemmi e ti sale la tristezza.<\/p>\n<p><!--more--><!--nextpage--><\/p>\n<blockquote>\n<h3><strong>Le 10 parole pi\u00f9 belle del DIALETTO milanese<\/strong><\/h3>\n<ol>\n<li><strong>Barlafus<\/strong><br \/>\nParola met\u00e0 germanica e met\u00e0 latina, definiva un utensile di poca utilit\u00e0. Definisce <strong>uno che parla tanto ma che dice tante stronzate.<\/strong><\/li>\n<li><strong>Cadrega<\/strong><br \/>\nO Cadreghino. La sedia, come simbolo di un posto gerarchicamente importante, fonte quindi di prestigio, termine usato in modo dispregiativo per i politici. <strong>Attaccati a\u2026<br \/>\n<\/strong><\/li>\n<li><strong>Scighera<\/strong><br \/>\nTipica di Milano, \u00e8 l\u2019atmosfera che si vive <strong>stando nella nebia.<\/strong><\/li>\n<li><strong>Rebelot<\/strong><br \/>\nGran casino, grossa confusione, un pasticcio, <strong>non ti riesci a districare.<\/strong><\/li>\n<li><strong>Schiscetta<\/strong><br \/>\nPranzo al sacco, <strong>anche detto schiscia,<\/strong> infesta di cattivi odori gli uffici di Milano.<\/li>\n<li><strong>Barabitt<br \/>\n<\/strong>I \u201c<strong>piccoli Barabba<\/strong>\u201c, sono i ragazzi difficili.<\/li>\n<li><strong>Bagai<br \/>\n<\/strong><strong>Ragazzo<\/strong>, Ue bagai, m\u2019hai ciam\u00e0 sul p\u00f9sse bel di articiocc.<\/li>\n<li>Baracca<br \/>\nModo bellissimo e autoironico <strong>per definire l\u2019azienda.<\/strong><\/li>\n<li>Trumb\u00e9<br \/>\n<strong>L\u2019idraulico.<\/strong> Non \u00e8 stupendo?<\/li>\n<li>Dan\u00e9<br \/>\nLa <strong>quintessenza<\/strong> del milanese.<\/li>\n<\/ol>\n<\/blockquote>\n","protected":false},"excerpt":{"rendered":"<p class=\"excerpt\">Che lingua fantastica \u00e8 il milanese. Queste sono le sue parole pi\u00f9 belle. Le 10 parole pi\u00f9 belle del DIALETTO milanese &#8211; Milano Citt\u00e0 Stato. Sulle prime sembra carina. Poi ti rendi conto che liquidano un&#8217;intera lingua &#8211; sebbene locale &#8211; con dieci lemmi e ti sale la tristezza.<\/p>\n<p class=\"more-link-p\"><a class=\"more-link\" href=\"https:\/\/monodes.com\/predaelli\/2020\/02\/16\/le-10-parole-piu-belle-del-dialetto-milanese-milano-citta-stato\/\">Read more &rarr;<\/a><\/p>\n","protected":false},"author":1,"featured_media":0,"comment_status":"open","ping_status":"open","sticky":false,"template":"","format":"standard","meta":{"inline_featured_image":false,"jetpack_post_was_ever_published":false,"_jetpack_newsletter_access":"","_jetpack_dont_email_post_to_subs":false,"_jetpack_newsletter_tier_id":0,"_jetpack_memberships_contains_paywalled_content":false,"_jetpack_memberships_contains_paid_content":false,"activitypub_content_warning":"","activitypub_content_visibility":"","activitypub_max_image_attachments":4,"activitypub_interaction_policy_quote":"anyone","activitypub_status":"","footnotes":"","jetpack_publicize_message":"","jetpack_publicize_feature_enabled":true,"jetpack_social_post_already_shared":true,"jetpack_social_options":{"image_generator_settings":{"template":"highway","default_image_id":0,"font":"","enabled":false},"version":2}},"categories":[19],"tags":[],"class_list":["post-6691","post","type-post","status-publish","format-standard","hentry","category-mood"],"jetpack_publicize_connections":[],"jetpack_featured_media_url":"","jetpack_sharing_enabled":true,"jetpack_shortlink":"https:\/\/wp.me\/p6daft-1JV","jetpack-related-posts":[{"id":10591,"url":"https:\/\/monodes.com\/predaelli\/2023\/07\/05\/apre-a-milano-la-trattoria-che-ha-solo-piatti-lombardi-milano-citta-stato\/","url_meta":{"origin":6691,"position":0},"title":"APRE a Milano la TRATTORIA che ha solo PIATTI LOMBARDI &#8211; Milano Citt\u00e0 Stato","author":"Paolo Redaelli","date":"2023-07-05","format":false,"excerpt":"APRE a Milano la TRATTORIA che ha solo PIATTI LOMBARDI - Milano Citt\u00e0 Stato \u201cNon facciamo neppure la pastasciutta, non era tradizione della Lombardia\" Partiamo dai grandi classici della tradizione: cotoletta, ossobuco e risotto giallo, risotto senape e carne salada, tagliatelle al sugo d\u2019arrosto e gnocchetti al Raspadura. A questi\u2026","rel":"","context":"In &quot;Senza categoria&quot;","block_context":{"text":"Senza categoria","link":"https:\/\/monodes.com\/predaelli\/category\/senza-categoria\/"},"img":{"alt_text":"","src":"","width":0,"height":0},"classes":[]},{"id":8648,"url":"https:\/\/monodes.com\/predaelli\/2021\/09\/08\/cara-facebook\/","url_meta":{"origin":6691,"position":1},"title":"Cara FaceBook","author":"Paolo Redaelli","date":"2021-09-08","format":false,"excerpt":"Come non condividere questo sfogo di Walter Di Gemma? Sacrosanto Caro Facebook, dire che sono basito \u00e8 poco, e dire che sto ridendo \u00e8 vero.Rido perch\u00e9 ora mi hai ridato la libert\u00e0 di postare e commentare dopo 24 ore, e ti ringrazio perch\u00e9...il motivo per il quale sono stato momentaneamente\u2026","rel":"","context":"In &quot;Ethics&quot;","block_context":{"text":"Ethics","link":"https:\/\/monodes.com\/predaelli\/category\/ethics\/"},"img":{"alt_text":"","src":"","width":0,"height":0},"classes":[]},{"id":1795,"url":"https:\/\/monodes.com\/predaelli\/2016\/10\/06\/proudly\/","url_meta":{"origin":6691,"position":2},"title":"Proudly&#8230;.","author":"Paolo Redaelli","date":"2016-10-06","format":false,"excerpt":"Proudly, an infinitesimally part of it. Anche quest\u2019anno la classifica QS World University Rankings (una delle pi\u00f9 citate classifiche sugli atenei internazionali) laurea il Politecnico di Milano prima universit\u00e0 italiana nella classifica generale. L\u2019Ateneo milanese guadagna inoltre altre 4 posizioni nel ranking mondiale, passando dal 187esimo posto al 183esimo. QUANTI\u2026","rel":"","context":"In &quot;Mood&quot;","block_context":{"text":"Mood","link":"https:\/\/monodes.com\/predaelli\/category\/mood\/"},"img":{"alt_text":"","src":"","width":0,"height":0},"classes":[]},{"id":5835,"url":"https:\/\/monodes.com\/predaelli\/2019\/07\/16\/al-politecnico-di-milano-nasce-il-supercomputer-da-record-focus-it\/","url_meta":{"origin":6691,"position":3},"title":"Al Politecnico di Milano nasce il supercomputer da record &#8211; Focus.it","author":"Paolo Redaelli","date":"2019-07-16","format":"link","excerpt":"Il Politecnico di Milano ha realizzato una nanotecnlogia che permette di realizzare computer pi\u00f9 veloci di quelli quantistici. Serviranno per la prossima generazione di sistemi di Intelligenza Artificiale Source: Al Politecnico di Milano nasce il supercomputer da record - Focus.it Le notizie, quelle belle.","rel":"","context":"In &quot;Hardware&quot;","block_context":{"text":"Hardware","link":"https:\/\/monodes.com\/predaelli\/category\/hardware\/"},"img":{"alt_text":"","src":"","width":0,"height":0},"classes":[]},{"id":13522,"url":"https:\/\/monodes.com\/predaelli\/2025\/06\/04\/la-liberta-di-controllare-la-propria-vita\/","url_meta":{"origin":6691,"position":4},"title":"La libert\u00e0 di controllare la propria vita","author":"Paolo Redaelli","date":"2025-06-04","format":false,"excerpt":"fedimedia ha recenemente caricato su peertube.uno \"Software Libero e Liberazione del Cyberspazio\", il video che Richard Stallman ha usato come introduzione al suo recente discorso al Politecnico di Milano. https:\/\/peertube.uno\/videos\/embed\/8T9i8hAt5PMKWtosXp2qVZ Questo video \u00e8 fondamentale perch\u00e9 in esso Stallman spiega in modo chiaro e appassionato: La differenza tra \"gratis\" e \"libero\"\u2026","rel":"","context":"In &quot;Ethics&quot;","block_context":{"text":"Ethics","link":"https:\/\/monodes.com\/predaelli\/category\/ethics\/"},"img":{"alt_text":"","src":"","width":0,"height":0},"classes":[]},{"id":13315,"url":"https:\/\/monodes.com\/predaelli\/2025\/05\/10\/1499%e2%86%92il-milanese-imbruttito\/","url_meta":{"origin":6691,"position":5},"title":"1499\u2192Il milanese imbruttito","author":"Paolo Redaelli","date":"2025-05-10","format":false,"excerpt":"Millequattrocentonovantanove \"terze parti\" per il Milanese Imbruttito. Si confermano essere loro gli imbruttiti!","rel":"","context":"In &quot;Privacy&quot;","block_context":{"text":"Privacy","link":"https:\/\/monodes.com\/predaelli\/category\/ethics\/privacy\/"},"img":{"alt_text":"","src":"","width":0,"height":0},"classes":[]}],"jetpack_likes_enabled":true,"_links":{"self":[{"href":"https:\/\/monodes.com\/predaelli\/wp-json\/wp\/v2\/posts\/6691","targetHints":{"allow":["GET"]}}],"collection":[{"href":"https:\/\/monodes.com\/predaelli\/wp-json\/wp\/v2\/posts"}],"about":[{"href":"https:\/\/monodes.com\/predaelli\/wp-json\/wp\/v2\/types\/post"}],"author":[{"embeddable":true,"href":"https:\/\/monodes.com\/predaelli\/wp-json\/wp\/v2\/users\/1"}],"replies":[{"embeddable":true,"href":"https:\/\/monodes.com\/predaelli\/wp-json\/wp\/v2\/comments?post=6691"}],"version-history":[{"count":0,"href":"https:\/\/monodes.com\/predaelli\/wp-json\/wp\/v2\/posts\/6691\/revisions"}],"wp:attachment":[{"href":"https:\/\/monodes.com\/predaelli\/wp-json\/wp\/v2\/media?parent=6691"}],"wp:term":[{"taxonomy":"category","embeddable":true,"href":"https:\/\/monodes.com\/predaelli\/wp-json\/wp\/v2\/categories?post=6691"},{"taxonomy":"post_tag","embeddable":true,"href":"https:\/\/monodes.com\/predaelli\/wp-json\/wp\/v2\/tags?post=6691"}],"curies":[{"name":"wp","href":"https:\/\/api.w.org\/{rel}","templated":true}]}}