{"id":6862,"date":"2020-03-10T15:09:22","date_gmt":"2020-03-10T14:09:22","guid":{"rendered":"https:\/\/monodes.com\/predaelli\/?p=6862"},"modified":"2020-03-13T09:27:20","modified_gmt":"2020-03-13T08:27:20","slug":"appunti-per-com-com","status":"publish","type":"post","link":"https:\/\/monodes.com\/predaelli\/2020\/03\/10\/appunti-per-com-com\/","title":{"rendered":"Appunti per com com"},"content":{"rendered":"","protected":true},"excerpt":{"rendered":"","protected":true},"author":1,"featured_media":0,"comment_status":"open","ping_status":"open","sticky":false,"template":"","format":"standard","meta":{"inline_featured_image":false,"_jetpack_newsletter_access":"","_jetpack_dont_email_post_to_subs":false,"_jetpack_newsletter_tier_id":0,"_jetpack_memberships_contains_paywalled_content":false,"_jetpack_feature_clip_id":0,"_jetpack_memberships_contains_paid_content":false,"activitypub_content_warning":"","activitypub_content_visibility":"","activitypub_max_image_attachments":4,"activitypub_interaction_policy_quote":"anyone","activitypub_status":"","footnotes":"","jetpack_publicize_message":"","jetpack_publicize_feature_enabled":true,"jetpack_social_post_already_shared":false,"jetpack_social_options":{"image_generator_settings":{"template":"highway","default_image_id":0,"font":"","enabled":false},"version":2},"jetpack_post_was_ever_published":false,"_members_access_role":[],"_members_access_error":""},"categories":[97,1],"tags":[],"class_list":["post-6862","post","type-post","status-publish","format-standard","post-password-required","hentry","category-basilicas-website","category-senza-categoria"],"jetpack_publicize_connections":[],"jetpack_sharing_enabled":true,"jetpack_shortlink":"https:\/\/wp.me\/p6daft-1MG","jetpack-related-posts":[{"id":10305,"url":"https:\/\/monodes.com\/predaelli\/2023\/03\/16\/10305\/","url_meta":{"origin":6862,"position":0},"title":"Di don Luigi Giussani o\u2026","author":"Paolo Redaelli","date":"2023-03-16","format":false,"excerpt":"Di don Luigi Giussani o di papa Giovanni Paolo II","rel":"","context":"In &quot;Ethics&quot;","block_context":{"text":"Ethics","link":"https:\/\/monodes.com\/predaelli\/category\/ethics\/"},"img":{"alt_text":"\"questa \u00e8 la tragedia del nostro tempo: la perdita della libert\u00e0 di coscienza da parte di interi popoli ottenuta con l'uso cinico dei mezzi di comunicazione sociale da parte di chi detiene il potere\"","src":"https:\/\/i0.wp.com\/monodes.com\/predaelli\/wp-content\/uploads\/sites\/4\/2023\/03\/la-tragedia-del-nostro-tempo.webp?fit=817%2C838&ssl=1&resize=350%2C200","width":350,"height":200,"srcset":"https:\/\/i0.wp.com\/monodes.com\/predaelli\/wp-content\/uploads\/sites\/4\/2023\/03\/la-tragedia-del-nostro-tempo.webp?fit=817%2C838&ssl=1&resize=350%2C200 1x, https:\/\/i0.wp.com\/monodes.com\/predaelli\/wp-content\/uploads\/sites\/4\/2023\/03\/la-tragedia-del-nostro-tempo.webp?fit=817%2C838&ssl=1&resize=525%2C300 1.5x, https:\/\/i0.wp.com\/monodes.com\/predaelli\/wp-content\/uploads\/sites\/4\/2023\/03\/la-tragedia-del-nostro-tempo.webp?fit=817%2C838&ssl=1&resize=700%2C400 2x"},"classes":[]},{"id":5926,"url":"https:\/\/monodes.com\/predaelli\/2019\/09\/06\/scoperte\/","url_meta":{"origin":6862,"position":1},"title":"Scoperte","author":"Paolo Redaelli","date":"2019-09-06","format":false,"excerpt":"Cara Federica non ci conosciamo - se non attraverso un paio di gradi di separazione - ma devo comunque ringraziarti per il tuo \u00abLasciare andare\u00bb. Mi hai fatto scoprire Aria, il manga (e poi anime) di Kozue Amano: Anno terrestre 2301: sono ormai passati 150 anni da quando Marte \u00e8\u2026","rel":"","context":"In &quot;Fun&quot;","block_context":{"text":"Fun","link":"https:\/\/monodes.com\/predaelli\/category\/fun\/"},"img":{"alt_text":"","src":"","width":0,"height":0},"classes":[]},{"id":14677,"url":"https:\/\/monodes.com\/predaelli\/2026\/01\/09\/caro-cameron\/","url_meta":{"origin":6862,"position":2},"title":"Caro Cameron","author":"Paolo Redaelli","date":"2026-01-09","format":"status","excerpt":"Caro signor Giacomo Camerone, le scrivo questa mia piccola prece; mia figlia adolescente \u00e8 una grandissima appassionata di Avatar, tanto da volere andare a rivedere \"Fuoco e cenere\" pi\u00f9 e pi\u00f9 volte. Desidera tantissimo veder completata la storia della famiglia Sally ed ha appreso dei suoi dubbi sulla realizzazione dei\u2026","rel":"","context":"In &quot;Mood&quot;","block_context":{"text":"Mood","link":"https:\/\/monodes.com\/predaelli\/category\/mood\/"},"img":{"alt_text":"","src":"https:\/\/i0.wp.com\/monodes.com\/predaelli\/wp-content\/uploads\/sites\/4\/2026\/01\/avatar-fuoco-e-cenere.webp?fit=540%2C810&ssl=1&resize=350%2C200","width":350,"height":200,"srcset":"https:\/\/i0.wp.com\/monodes.com\/predaelli\/wp-content\/uploads\/sites\/4\/2026\/01\/avatar-fuoco-e-cenere.webp?fit=540%2C810&ssl=1&resize=350%2C200 1x, https:\/\/i0.wp.com\/monodes.com\/predaelli\/wp-content\/uploads\/sites\/4\/2026\/01\/avatar-fuoco-e-cenere.webp?fit=540%2C810&ssl=1&resize=525%2C300 1.5x"},"classes":[]},{"id":4590,"url":"https:\/\/monodes.com\/predaelli\/2018\/09\/26\/le-varieta-delluva-da-tavola-italiana-viviana-luva-italiana\/","url_meta":{"origin":6862,"position":3},"title":"Le variet\u00e0 dell&#8217;uva da tavola italiana | VIVIANA &#8211; L&#8217;UVA ITALIANA","author":"Paolo Redaelli","date":"2018-09-26","format":"link","excerpt":"Le variet\u00e0 dell'uva da tavola italiana | VIVIANA - L'UVA ITALIANA Le variet\u00e0 Una pluralit\u00e0 di prodotti capace di soddisfare ogni palato La classificazione varietale dell'uva da tavola \u00e8 molto ampia. I 50.000 ettari che il nostro Paese dedica a questa coltivazione riescono a fornire uve da maggio a dicembre\/gennaio,\u2026","rel":"","context":"In &quot;Senza categoria&quot;","block_context":{"text":"Senza categoria","link":"https:\/\/monodes.com\/predaelli\/category\/senza-categoria\/"},"img":{"alt_text":"","src":"","width":0,"height":0},"classes":[]},{"id":5256,"url":"https:\/\/monodes.com\/predaelli\/2019\/02\/18\/calcestruzzo-256-sfumature-di-grigio\/","url_meta":{"origin":6862,"position":4},"title":"Calcestruzzo: 256 sfumature di grigio","author":"Paolo Redaelli","date":"2019-02-18","format":false,"excerpt":"Da cosa dipende la qualit\u00e0 del calcestruzzo, dalle norme ??? Calcestruzzo: 256 sfumature di grigio Da cosa dipende la qualit\u00e0 del calcestruzzo, dalle norme ??? Andrea Dari All\u2019interno della Circolare delle Norme Tecniche, pubblicata di recente, la parola \u201ccalcestruzzo\u201d \u00e8 riportata 256 volte, la parola acciaio 192 volte, ma almeno\u2026","rel":"","context":"In &quot;Senza categoria&quot;","block_context":{"text":"Senza categoria","link":"https:\/\/monodes.com\/predaelli\/category\/senza-categoria\/"},"img":{"alt_text":"","src":"","width":0,"height":0},"classes":[]},{"id":5975,"url":"https:\/\/monodes.com\/predaelli\/2019\/09\/16\/perche-non-si-fidano\/","url_meta":{"origin":6862,"position":5},"title":"Perch\u00e9 non si fidano","author":"Paolo Redaelli","date":"2019-09-16","format":false,"excerpt":"Architetto? Ingegnere? Perch\u00e8 non si fidano di noi. Perch\u00e8 non ci fidiamo di noi. Architetto? Ingegnere? perch\u00e8 non si fidano di noi. Perch\u00e8 non ci fidiamo di noi. I Consigli Nazionali devono fare scelte coerenti per il futuro delle Professioni, ma quali Professioni vogliamo per il futuro ? Andrea Dari\u2026","rel":"","context":"In &quot;Senza categoria&quot;","block_context":{"text":"Senza categoria","link":"https:\/\/monodes.com\/predaelli\/category\/senza-categoria\/"},"img":{"alt_text":"","src":"","width":0,"height":0},"classes":[]}],"jetpack_likes_enabled":true,"jetpack_featured_media_url":"","_links":{"self":[{"href":"https:\/\/monodes.com\/predaelli\/wp-json\/wp\/v2\/posts\/6862","targetHints":{"allow":["GET"]}}],"collection":[{"href":"https:\/\/monodes.com\/predaelli\/wp-json\/wp\/v2\/posts"}],"about":[{"href":"https:\/\/monodes.com\/predaelli\/wp-json\/wp\/v2\/types\/post"}],"author":[{"embeddable":true,"href":"https:\/\/monodes.com\/predaelli\/wp-json\/wp\/v2\/users\/1"}],"replies":[{"embeddable":true,"href":"https:\/\/monodes.com\/predaelli\/wp-json\/wp\/v2\/comments?post=6862"}],"version-history":[{"count":0,"href":"https:\/\/monodes.com\/predaelli\/wp-json\/wp\/v2\/posts\/6862\/revisions"}],"wp:attachment":[{"href":"https:\/\/monodes.com\/predaelli\/wp-json\/wp\/v2\/media?parent=6862"}],"wp:term":[{"taxonomy":"category","embeddable":true,"href":"https:\/\/monodes.com\/predaelli\/wp-json\/wp\/v2\/categories?post=6862"},{"taxonomy":"post_tag","embeddable":true,"href":"https:\/\/monodes.com\/predaelli\/wp-json\/wp\/v2\/tags?post=6862"}],"curies":[{"name":"wp","href":"https:\/\/api.w.org\/{rel}","templated":true}]}}