{"id":6922,"date":"2020-03-20T00:28:38","date_gmt":"2020-03-19T23:28:38","guid":{"rendered":"https:\/\/monodes.com\/predaelli\/?p=6922"},"modified":"2020-03-20T00:28:40","modified_gmt":"2020-03-19T23:28:40","slug":"iniziare","status":"publish","type":"post","link":"https:\/\/monodes.com\/predaelli\/2020\/03\/20\/iniziare\/","title":{"rendered":"Iniziare"},"content":{"rendered":"\n<figure class=\"wp-block-embed-facebook wp-block-embed is-type-video is-provider-facebook\"><div class=\"wp-block-embed__wrapper\">\n<div class=\"fb-video\" data-allowfullscreen=\"true\" data-href=\"https:\/\/www.facebook.com\/genitoridiruolo\/videos\/830388170792446\/?tn=%2CdkCH-R-R&#038;eid=ARAnjoWCKUPRaEHI5cLy0xaJndlmCvpz7_fk72JeNidfuf--6Z_mV-7UlOuQJC_5V4TkDpRfuRCfOE0g&#038;hc_ref=ARRAE_eCRBWyN9QyUH5gpJ33BVKZEaJxdAd--7q3lJkxFevB4rBs5la4icxqsMdVD4Q&#038;fref=nf&#038;hc_location=group\" style=\"background-color: #fff; display: inline-block;\"><\/div>\n<\/div><\/figure>\n\n\n\n<p>Ecco, anche a me piacerebbe iniziare a giocare di ruolo in famiglia, con mia moglie e le mie figlie. Mi consigliano B11 King&#8217;s festival, B3 il palazzo della principessa d&#8217;argento, Klotos.<\/p>\n\n\n\n<p>Vedremo&#8230; <\/p>\n","protected":false},"excerpt":{"rendered":"<p class=\"excerpt\">Ecco, anche a me piacerebbe iniziare a giocare di ruolo in famiglia, con mia moglie e le mie figlie. Mi consigliano B11 King&#8217;s festival, B3 il palazzo della principessa d&#8217;argento, Klotos. Vedremo&#8230;<\/p>\n<p class=\"more-link-p\"><a class=\"more-link\" href=\"https:\/\/monodes.com\/predaelli\/2020\/03\/20\/iniziare\/\">Read more &rarr;<\/a><\/p>\n","protected":false},"author":1,"featured_media":0,"comment_status":"open","ping_status":"open","sticky":false,"template":"","format":"standard","meta":{"inline_featured_image":false,"jetpack_post_was_ever_published":false,"_jetpack_newsletter_access":"","_jetpack_dont_email_post_to_subs":false,"_jetpack_newsletter_tier_id":0,"_jetpack_memberships_contains_paywalled_content":false,"_jetpack_memberships_contains_paid_content":false,"activitypub_content_warning":"","activitypub_content_visibility":"","activitypub_max_image_attachments":4,"activitypub_interaction_policy_quote":"anyone","activitypub_status":"","footnotes":"","jetpack_publicize_message":"","jetpack_publicize_feature_enabled":true,"jetpack_social_post_already_shared":true,"jetpack_social_options":{"image_generator_settings":{"template":"highway","default_image_id":0,"font":"","enabled":false},"version":2}},"categories":[105,67,137],"tags":[],"class_list":["post-6922","post","type-post","status-publish","format-standard","hentry","category-fun","category-games","category-role-play-games"],"jetpack_publicize_connections":[],"jetpack_featured_media_url":"","jetpack_sharing_enabled":true,"jetpack_shortlink":"https:\/\/wp.me\/s6daft-iniziare","jetpack-related-posts":[{"id":11832,"url":"https:\/\/monodes.com\/predaelli\/2024\/08\/04\/gli-ssd-possono-iniziare-a-perdere-dati-dopo-7-giorni-senza-alimentazione\/","url_meta":{"origin":6922,"position":0},"title":"Gli SSD possono iniziare a perdere dati dopo 7 giorni senza alimentazione","author":"Paolo Redaelli","date":"2024-08-04","format":false,"excerpt":"Gli SSD possono iniziare a perdere dati dopo 7 giorni senza alimentazione di Manolo De Agostini - @mdeagostini Usare gli SSD come soluzioni di backup potrebbe non essere la migliore idea del mondo. Senza alimentazione e conservati a temperature non idonee, gli SSD non assicurano l'integrit\u00e0 dei dati sul lungo\u2026","rel":"","context":"In &quot;Senza categoria&quot;","block_context":{"text":"Senza categoria","link":"https:\/\/monodes.com\/predaelli\/category\/senza-categoria\/"},"img":{"alt_text":"","src":"https:\/\/i0.wp.com\/monodes.com\/predaelli\/wp-content\/uploads\/sites\/4\/2024\/08\/ssd-9ae52688dd7ea1b9eb8413e15a3138e66.webp?fit=800%2C481&ssl=1&resize=350%2C200","width":350,"height":200,"srcset":"https:\/\/i0.wp.com\/monodes.com\/predaelli\/wp-content\/uploads\/sites\/4\/2024\/08\/ssd-9ae52688dd7ea1b9eb8413e15a3138e66.webp?fit=800%2C481&ssl=1&resize=350%2C200 1x, https:\/\/i0.wp.com\/monodes.com\/predaelli\/wp-content\/uploads\/sites\/4\/2024\/08\/ssd-9ae52688dd7ea1b9eb8413e15a3138e66.webp?fit=800%2C481&ssl=1&resize=525%2C300 1.5x, https:\/\/i0.wp.com\/monodes.com\/predaelli\/wp-content\/uploads\/sites\/4\/2024\/08\/ssd-9ae52688dd7ea1b9eb8413e15a3138e66.webp?fit=800%2C481&ssl=1&resize=700%2C400 2x"},"classes":[]},{"id":15165,"url":"https:\/\/monodes.com\/predaelli\/2026\/02\/25\/perche-dovresti-riscoprire-gli-rss-yoota\/","url_meta":{"origin":6922,"position":1},"title":"Perch\u00e9 dovresti (ri)scoprire gli RSS &#8211; YOOTA","author":"Paolo Redaelli","date":"2026-02-25","format":"link","excerpt":"Perch\u00e9 dovresti (ri)scoprire gli RSS - YOOTA Gli RSS esistono da oltre vent'anni e restano il sistema pi\u00f9 efficace per seguire siti, canali YouTube e persino Reddit senza algoritmi, tracciamenti o iscrizioni. Ecco come iniziare.","rel":"","context":"In &quot;Yet another reason to avoid&quot;","block_context":{"text":"Yet another reason to avoid","link":"https:\/\/monodes.com\/predaelli\/category\/ethics\/yet-another-reason-to-avoid\/"},"img":{"alt_text":"","src":"","width":0,"height":0},"classes":[]},{"id":6936,"url":"https:\/\/monodes.com\/predaelli\/2020\/03\/25\/sogni\/","url_meta":{"origin":6922,"position":2},"title":"Sogni","author":"Paolo Redaelli","date":"2020-03-25","format":false,"excerpt":"Oggi ho fatto un sogno da ricordare. Monsignor Piero Galli e don Giorgio Savarino O meglio che ho ricordato perfettamente al mio risveglio. E che mentre lo sognavo pensavo di dovermelo ricordare. Un sogno a colori. E permettetemi di essere poco razionale se ricordo che i sogni a colori sono\u2026","rel":"","context":"In &quot;Mood&quot;","block_context":{"text":"Mood","link":"https:\/\/monodes.com\/predaelli\/category\/mood\/"},"img":{"alt_text":"Don GIorgio e monsignor Piero Galli","src":"https:\/\/i0.wp.com\/monodes.com\/predaelli\/wp-content\/uploads\/sites\/4\/2020\/03\/mons-galli-don-giorgio.webp?resize=350%2C200&ssl=1","width":350,"height":200},"classes":[]},{"id":8621,"url":"https:\/\/monodes.com\/predaelli\/2021\/08\/09\/come-installare-whatsapp-su-tablet-senza-sim\/","url_meta":{"origin":6922,"position":3},"title":"Come installare WhatsApp su tablet senza SIM","author":"Paolo Redaelli","date":"2021-08-09","format":"link","excerpt":"https:\/\/blog.linkem.com\/whatsapp-su-tablet\/ S\u00ec, lo s\u00f2 che si dovrebbe tutti cestinarla questa mefitica app. Ma ahim\u00e9 devo interagire con molti a-tecnologici che usano solo questa Come installare WhatsApp su tablet senza SIM Chi l\u2019ha detto che Whatsapp si pu\u00f2 usare soltanto su smartphone? Con oltre due miliardi di utenti sparsi in tutto\u2026","rel":"","context":"In &quot;Android&quot;","block_context":{"text":"Android","link":"https:\/\/monodes.com\/predaelli\/category\/android-2\/"},"img":{"alt_text":"whatsapp su tablet","src":"https:\/\/i0.wp.com\/blog.linkem.com\/wp-content\/uploads\/2021\/06\/whatsapp-su-tablet.jpg?resize=350%2C200&ssl=1","width":350,"height":200,"srcset":"https:\/\/i0.wp.com\/blog.linkem.com\/wp-content\/uploads\/2021\/06\/whatsapp-su-tablet.jpg?resize=350%2C200&ssl=1 1x, https:\/\/i0.wp.com\/blog.linkem.com\/wp-content\/uploads\/2021\/06\/whatsapp-su-tablet.jpg?resize=525%2C300&ssl=1 1.5x"},"classes":[]},{"id":6869,"url":"https:\/\/monodes.com\/predaelli\/2020\/03\/10\/citrix-receiver-su-linux-mint\/","url_meta":{"origin":6922,"position":4},"title":"Citrix Receiver su Linux Mint","author":"Paolo Redaelli","date":"2020-03-10","format":false,"excerpt":"Mia cognata come molti altri \u00e8 stata \"costretta\" al telelavoro per la disgraziata faccenda del coronavirus. Le avevamo regalato qualche anno fa un (allora bel) portatile ed io mi ero fatto punto d'onore di prendere qualcosa con Linux preinstallato. La mia scelta allora - e son gi\u00e0 passati pi\u00f9 di\u2026","rel":"","context":"In &quot;Senza categoria&quot;","block_context":{"text":"Senza categoria","link":"https:\/\/monodes.com\/predaelli\/category\/senza-categoria\/"},"img":{"alt_text":"","src":"https:\/\/i0.wp.com\/monodes.com\/predaelli\/wp-content\/uploads\/sites\/4\/2020\/03\/crop-2-2-61-85-0-logo-inps-neg.png?resize=350%2C200&ssl=1","width":350,"height":200},"classes":[]},{"id":1827,"url":"https:\/\/monodes.com\/predaelli\/2016\/10\/23\/mathematical-annotation-in-r\/","url_meta":{"origin":6922,"position":5},"title":"Mathematical Annotation in R","author":"Paolo Redaelli","date":"2016-10-23","format":false,"excerpt":"Mathematical Annotation in R | Vistat Want to write mathematical symbols and expressions in R graphics? You can use an R expression() instead of normal text, e.g. plot(1:10, main = expression(alpha + beta)). Below is a demo that shows you everything about plotting math in R (it was written by\u2026","rel":"","context":"In &quot;Documentations&quot;","block_context":{"text":"Documentations","link":"https:\/\/monodes.com\/predaelli\/category\/documentations\/"},"img":{"alt_text":"","src":"","width":0,"height":0},"classes":[]}],"jetpack_likes_enabled":true,"_links":{"self":[{"href":"https:\/\/monodes.com\/predaelli\/wp-json\/wp\/v2\/posts\/6922","targetHints":{"allow":["GET"]}}],"collection":[{"href":"https:\/\/monodes.com\/predaelli\/wp-json\/wp\/v2\/posts"}],"about":[{"href":"https:\/\/monodes.com\/predaelli\/wp-json\/wp\/v2\/types\/post"}],"author":[{"embeddable":true,"href":"https:\/\/monodes.com\/predaelli\/wp-json\/wp\/v2\/users\/1"}],"replies":[{"embeddable":true,"href":"https:\/\/monodes.com\/predaelli\/wp-json\/wp\/v2\/comments?post=6922"}],"version-history":[{"count":0,"href":"https:\/\/monodes.com\/predaelli\/wp-json\/wp\/v2\/posts\/6922\/revisions"}],"wp:attachment":[{"href":"https:\/\/monodes.com\/predaelli\/wp-json\/wp\/v2\/media?parent=6922"}],"wp:term":[{"taxonomy":"category","embeddable":true,"href":"https:\/\/monodes.com\/predaelli\/wp-json\/wp\/v2\/categories?post=6922"},{"taxonomy":"post_tag","embeddable":true,"href":"https:\/\/monodes.com\/predaelli\/wp-json\/wp\/v2\/tags?post=6922"}],"curies":[{"name":"wp","href":"https:\/\/api.w.org\/{rel}","templated":true}]}}