{"id":6936,"date":"2020-03-25T07:40:58","date_gmt":"2020-03-25T06:40:58","guid":{"rendered":"https:\/\/monodes.com\/predaelli\/?p=6936"},"modified":"2020-03-25T07:40:59","modified_gmt":"2020-03-25T06:40:59","slug":"sogni","status":"publish","type":"post","link":"https:\/\/monodes.com\/predaelli\/2020\/03\/25\/sogni\/","title":{"rendered":"Sogni"},"content":{"rendered":"\n<p>Oggi ho fatto un sogno da ricordare. <\/p>\n\n\n\n<div class=\"wp-block-image\"><figure class=\"alignright size-large is-resized\"><img data-recalc-dims=\"1\" loading=\"lazy\" decoding=\"async\" data-attachment-id=\"6938\" data-permalink=\"https:\/\/monodes.com\/predaelli\/2020\/03\/25\/sogni\/mons-galli-don-giorgio\/\" data-orig-file=\"https:\/\/i0.wp.com\/monodes.com\/predaelli\/wp-content\/uploads\/sites\/4\/2020\/03\/mons-galli-don-giorgio.webp?fit=%2C&amp;ssl=1\" data-orig-size=\"\" data-comments-opened=\"1\" data-image-meta=\"[]\" data-image-title=\"mons-galli-don-giorgio\" data-image-description=\"\" data-image-caption=\"\" data-large-file=\"https:\/\/i0.wp.com\/monodes.com\/predaelli\/wp-content\/uploads\/sites\/4\/2020\/03\/mons-galli-don-giorgio.webp?fit=510%2C1024&amp;ssl=1\" src=\"https:\/\/i0.wp.com\/monodes.com\/predaelli\/wp-content\/uploads\/sites\/4\/2020\/03\/mons-galli-don-giorgio.webp?resize=341%2C483&#038;ssl=1\" alt=\"Don GIorgio e monsignor Piero Galli\" class=\"wp-image-6938\" width=\"341\" height=\"483\"\/><figcaption>Monsignor Piero Galli e <a href=\"https:\/\/www.facebook.com\/DGiorgioSavarino\">don Giorgio Savarino<\/a><\/figcaption><\/figure><\/div>\n\n\n\n<p>O meglio che ho ricordato perfettamente al mio risveglio. <\/p>\n\n\n\n<p>E che mentre lo sognavo pensavo di dovermelo ricordare.<\/p>\n\n\n\n<p>Un <strong>sogno a colori<\/strong>. E permettetemi di essere poco razionale se ricordo che i sogni a colori sono &#8220;veritieri&#8221; o danno un messaggio.<\/p>\n\n\n\n<p>Ed un sogno in cui riuscivo a leggere. E solitamente si capisce che si sta sognando perch\u00e9 nei sogni non si riesce a leggere. E sono sicuro che riuscivo a leggere. <\/p>\n\n\n\n<p>Quindi un sogno assai inconsueto.<\/p>\n\n\n\n<p>Ho sognato di andare indietro nel tempo e di trovarmi in Basilica, nella &#8220;mia&#8221; Basilica, quella dei Santi Siro e Materno in Desio, mentre stava per iniziare un matrimonio e di entrare in sagrestia, dove incontravo il sacrista Enrico, monsignor Piero Galli e don Giorgio Savarino in paramenti liturgici, con la casula rossa. Allora sono andato al tavolo dove nell&#8217;angolo c&#8217;\u00e8 l&#8217;agenda con segnati i turni delle S.Messe, ho guardato il sabato &#8211; quasi tutti i matrimoni si celebrano di sabato &#8211; ed ho provato a leggere: <strong>23 settembre 1996<\/strong>. Capendo di essere nel passato mi sono rivolto a don Giorgio, dicendogli &#8220;ciao don, sono il Paolo del futuro, del 2020. E sarai in salute&#8221;.<\/p>\n\n\n\n<p>\u00c8 troppo strano per non avere un significato. <\/p>\n","protected":false},"excerpt":{"rendered":"<p class=\"excerpt\">Oggi ho fatto un sogno da ricordare. O meglio che ho ricordato perfettamente al mio risveglio. E che mentre lo sognavo pensavo di dovermelo ricordare. Un sogno a colori. E permettetemi di essere poco razionale se ricordo che i sogni a colori sono &#8220;veritieri&#8221; o danno un messaggio. Ed un sogno in cui riuscivo a&hellip;<\/p>\n<p class=\"more-link-p\"><a class=\"more-link\" href=\"https:\/\/monodes.com\/predaelli\/2020\/03\/25\/sogni\/\">Read more &rarr;<\/a><\/p>\n","protected":false},"author":1,"featured_media":0,"comment_status":"open","ping_status":"open","sticky":false,"template":"","format":"standard","meta":{"inline_featured_image":false,"jetpack_post_was_ever_published":false,"_jetpack_newsletter_access":"","_jetpack_dont_email_post_to_subs":false,"_jetpack_newsletter_tier_id":0,"_jetpack_memberships_contains_paywalled_content":false,"_jetpack_memberships_contains_paid_content":false,"activitypub_content_warning":"","activitypub_content_visibility":"","activitypub_max_image_attachments":4,"activitypub_interaction_policy_quote":"anyone","activitypub_status":"","footnotes":"","jetpack_publicize_message":"","jetpack_publicize_feature_enabled":true,"jetpack_social_post_already_shared":true,"jetpack_social_options":{"image_generator_settings":{"template":"highway","default_image_id":0,"font":"","enabled":false},"version":2}},"categories":[19],"tags":[],"class_list":["post-6936","post","type-post","status-publish","format-standard","hentry","category-mood"],"jetpack_publicize_connections":[],"jetpack_featured_media_url":"","jetpack_sharing_enabled":true,"jetpack_shortlink":"https:\/\/wp.me\/s6daft-sogni","jetpack-related-posts":[{"id":10789,"url":"https:\/\/monodes.com\/predaelli\/2023\/09\/09\/ci-hai-mai-pensato\/","url_meta":{"origin":6936,"position":0},"title":"Ci hai mai pensato?","author":"Paolo Redaelli","date":"2023-09-09","format":"quote","excerpt":"Ci hai mai pensato? Tra 100 anni, per esempio, nel 2123, saremo tutti sepolti con i nostri parenti e amici. Gli estranei vivranno nelle nostre case, che abbiamo lottato tanto per costruire e possederanno tutto quello che abbiamo oggi. Tutte le nostre propriet\u00e0 saranno di sconosciuti, che non sono ancora\u2026","rel":"","context":"In &quot;Ethics&quot;","block_context":{"text":"Ethics","link":"https:\/\/monodes.com\/predaelli\/category\/ethics\/"},"img":{"alt_text":"","src":"https:\/\/i0.wp.com\/monodes.com\/predaelli\/wp-content\/uploads\/sites\/4\/2014\/09\/gobekli-tepe-pillars-615.jpg?fit=615%2C453&ssl=1&resize=350%2C200","width":350,"height":200,"srcset":"https:\/\/i0.wp.com\/monodes.com\/predaelli\/wp-content\/uploads\/sites\/4\/2014\/09\/gobekli-tepe-pillars-615.jpg?fit=615%2C453&ssl=1&resize=350%2C200 1x, https:\/\/i0.wp.com\/monodes.com\/predaelli\/wp-content\/uploads\/sites\/4\/2014\/09\/gobekli-tepe-pillars-615.jpg?fit=615%2C453&ssl=1&resize=525%2C300 1.5x"},"classes":[]},{"id":9003,"url":"https:\/\/monodes.com\/predaelli\/2021\/12\/24\/il-libro-delle-case-straordinarie-lippocampo-edizioni\/","url_meta":{"origin":6936,"position":1},"title":"Il libro delle case straordinarie &#8211; L&#8217;ippocampo Edizioni","author":"Paolo Redaelli","date":"2021-12-24","format":false,"excerpt":"\u00ab Sono innumerevoli le storie in cui compaiono edifici meravigliosi, dai volumi illustrati per l'infanzia ai romanzi. Ho letto pi\u00f9 volte libri come Le avventure di Huckleberry Finn, Heidi e Momo, prestando grande attenzione a ogni frase, soffermandomi su ogni illustrazione, anche la pi\u00f9 piccola, e immaginando, come in un\u2026","rel":"","context":"In &quot;Senza categoria&quot;","block_context":{"text":"Senza categoria","link":"https:\/\/monodes.com\/predaelli\/category\/senza-categoria\/"},"img":{"alt_text":"","src":"","width":0,"height":0},"classes":[]},{"id":2404,"url":"https:\/\/monodes.com\/predaelli\/2017\/05\/02\/giochi-di-ruolo-liberi-storie-di-ruolo\/","url_meta":{"origin":6936,"position":2},"title":"Giochi di Ruolo Liberi | Storie di Ruolo","author":"Paolo Redaelli","date":"2017-05-02","format":"link","excerpt":"Giochi di Ruolo Liberi | Storie di Ruolo Molto carini http:\/\/www.myst.it\/ e e http:\/\/dimensioni.dragonslair.it che ha delle \"demo\" gratuite e le versioni stampate a pagamento Questo sito vuole promuovere i giochi di ruolo gratuiti disponibili in rete e materiale simile. Se volete che il vostro gioco compaia in questa lista,\u2026","rel":"","context":"In &quot;Games&quot;","block_context":{"text":"Games","link":"https:\/\/monodes.com\/predaelli\/category\/games\/"},"img":{"alt_text":"","src":"https:\/\/i0.wp.com\/monodes.com\/predaelli\/wp-content\/uploads\/sites\/4\/2017\/05\/arcan-mith.jpg?resize=350%2C200","width":350,"height":200},"classes":[]},{"id":10582,"url":"https:\/\/monodes.com\/predaelli\/2023\/07\/02\/limportanza-dei-colori\/","url_meta":{"origin":6936,"position":3},"title":"L&#8217;importanza dei colori","author":"Paolo Redaelli","date":"2023-07-02","format":false,"excerpt":"La prossima volta fatelo con mappe fantasy.... L'importanza dei colori.In verde: estate normale.In rosso: emergenza catastrofica... pi\u00f9 fresca.Fare paura- creare il problema- dare false soluzioni. Riccardo Festuccia su FaceBook Lo riporto qui perch\u00e9 gli zelanti censori di Facebook ritengono che \"Informazioni false. La stessa informazione \u00e8 stata controllata in un\u2026","rel":"","context":"In &quot;Mood&quot;","block_context":{"text":"Mood","link":"https:\/\/monodes.com\/predaelli\/category\/mood\/"},"img":{"alt_text":"","src":"https:\/\/i0.wp.com\/monodes.com\/predaelli\/wp-content\/uploads\/sites\/4\/2023\/07\/importanza-dei-colori.webp?fit=1080%2C1045&ssl=1&resize=350%2C200","width":350,"height":200,"srcset":"https:\/\/i0.wp.com\/monodes.com\/predaelli\/wp-content\/uploads\/sites\/4\/2023\/07\/importanza-dei-colori.webp?fit=1080%2C1045&ssl=1&resize=350%2C200 1x, https:\/\/i0.wp.com\/monodes.com\/predaelli\/wp-content\/uploads\/sites\/4\/2023\/07\/importanza-dei-colori.webp?fit=1080%2C1045&ssl=1&resize=525%2C300 1.5x, https:\/\/i0.wp.com\/monodes.com\/predaelli\/wp-content\/uploads\/sites\/4\/2023\/07\/importanza-dei-colori.webp?fit=1080%2C1045&ssl=1&resize=700%2C400 2x, https:\/\/i0.wp.com\/monodes.com\/predaelli\/wp-content\/uploads\/sites\/4\/2023\/07\/importanza-dei-colori.webp?fit=1080%2C1045&ssl=1&resize=1050%2C600 3x"},"classes":[]},{"id":8648,"url":"https:\/\/monodes.com\/predaelli\/2021\/09\/08\/cara-facebook\/","url_meta":{"origin":6936,"position":4},"title":"Cara FaceBook","author":"Paolo Redaelli","date":"2021-09-08","format":false,"excerpt":"Come non condividere questo sfogo di Walter Di Gemma? Sacrosanto Caro Facebook, dire che sono basito \u00e8 poco, e dire che sto ridendo \u00e8 vero.Rido perch\u00e9 ora mi hai ridato la libert\u00e0 di postare e commentare dopo 24 ore, e ti ringrazio perch\u00e9...il motivo per il quale sono stato momentaneamente\u2026","rel":"","context":"In &quot;Ethics&quot;","block_context":{"text":"Ethics","link":"https:\/\/monodes.com\/predaelli\/category\/ethics\/"},"img":{"alt_text":"","src":"","width":0,"height":0},"classes":[]},{"id":13146,"url":"https:\/\/monodes.com\/predaelli\/2025\/04\/19\/aevitanda\/","url_meta":{"origin":6936,"position":5},"title":"\u00c6vitanda","author":"Paolo Redaelli","date":"2025-04-19","format":false,"excerpt":"per installare il Certificato Sectigo (2023, valido per 3 annni) per certificare il software ho dovuto usare Edge in modalit\u00e0 Internet Explorer.... Davide Costa su commentando un pezzo ironico su Vita da informatici Credo metter\u00f2 codesta \"Sectigo\" sulla lista delle organizzazioni da evitare\u2026 in latino \u00e6vitanda perch\u00e9 usare liste di\u2026","rel":"","context":"In &quot;Web&quot;","block_context":{"text":"Web","link":"https:\/\/monodes.com\/predaelli\/category\/web\/"},"img":{"alt_text":"","src":"","width":0,"height":0},"classes":[]}],"jetpack_likes_enabled":true,"_links":{"self":[{"href":"https:\/\/monodes.com\/predaelli\/wp-json\/wp\/v2\/posts\/6936","targetHints":{"allow":["GET"]}}],"collection":[{"href":"https:\/\/monodes.com\/predaelli\/wp-json\/wp\/v2\/posts"}],"about":[{"href":"https:\/\/monodes.com\/predaelli\/wp-json\/wp\/v2\/types\/post"}],"author":[{"embeddable":true,"href":"https:\/\/monodes.com\/predaelli\/wp-json\/wp\/v2\/users\/1"}],"replies":[{"embeddable":true,"href":"https:\/\/monodes.com\/predaelli\/wp-json\/wp\/v2\/comments?post=6936"}],"version-history":[{"count":0,"href":"https:\/\/monodes.com\/predaelli\/wp-json\/wp\/v2\/posts\/6936\/revisions"}],"wp:attachment":[{"href":"https:\/\/monodes.com\/predaelli\/wp-json\/wp\/v2\/media?parent=6936"}],"wp:term":[{"taxonomy":"category","embeddable":true,"href":"https:\/\/monodes.com\/predaelli\/wp-json\/wp\/v2\/categories?post=6936"},{"taxonomy":"post_tag","embeddable":true,"href":"https:\/\/monodes.com\/predaelli\/wp-json\/wp\/v2\/tags?post=6936"}],"curies":[{"name":"wp","href":"https:\/\/api.w.org\/{rel}","templated":true}]}}