{"id":7014,"date":"2020-04-02T20:45:43","date_gmt":"2020-04-02T18:45:43","guid":{"rendered":"https:\/\/monodes.com\/predaelli\/?p=7014"},"modified":"2020-04-02T20:45:45","modified_gmt":"2020-04-02T18:45:45","slug":"la-prima-giornata-delle-liberta-digitali","status":"publish","type":"post","link":"https:\/\/monodes.com\/predaelli\/2020\/04\/02\/la-prima-giornata-delle-liberta-digitali\/","title":{"rendered":"La prima giornata delle libert\u00e0 digitali"},"content":{"rendered":"\n<p>Forse \u00e8 il caso che le metta online, queste foto della prima, primissima Giornata delle Libert\u00e0 Digitali organizzata dal <a href=\"https:\/\/poul.org\/\">POuL, il &#8220;Politecnico Open unix Labs&#8221;<\/a>. Correva l&#8217;anno 2002, secondo i dati EXIF delle foto fatte da me era il 10 maggio 2002. Quanta acqua \u00e8 passata sotto i ponti! <\/p>\n\n\n\n<p>Sono abbastanza sicuro che all&#8217;epoca il POuL come &#8220;associazione ufficiale&#8221; non esisteva neppure, era solo un gruppo di smanettoni che si trovavano al centro di calcolo, <a href=\"https:\/\/maps.polimi.it\/maps\/infocadmanagement\/controller\/NavigationManager.do?evn_GOTO=evento&amp;cid=MIA0111000\">nell&#8217;edificio 9<\/a>. Ci si trovava l\u00e0, nelle aule informatiche perch\u00e9 c&#8217;era tantissima banda. si scaricava <strong>perfino<\/strong> a 100kB\/s ed anche di pi\u00f9! No, non megabytes al secondo, kilobytes al secondo.<\/p>\n\n\n\n<figure class=\"wp-block-gallery columns-3 is-cropped wp-block-gallery-1 is-layout-flex wp-block-gallery-is-layout-flex\"><ul class=\"blocks-gallery-grid\"><li class=\"blocks-gallery-item\"><figure><a href=\"https:\/\/i2.wp.com\/monodes.com\/predaelli\/wp-content\/uploads\/sites\/4\/2020\/04\/foto_0005.jpg?fit=510%2C383&amp;ssl=1\"><img loading=\"lazy\" decoding=\"async\" width=\"800\" height=\"600\" data-attachment-id=\"7015\" data-permalink=\"https:\/\/monodes.com\/predaelli\/2020\/04\/02\/la-prima-giornata-delle-liberta-digitali\/foto_0005\/\" data-orig-file=\"https:\/\/i0.wp.com\/monodes.com\/predaelli\/wp-content\/uploads\/sites\/4\/2020\/04\/foto_0005.jpg?fit=800%2C600&amp;ssl=1\" data-orig-size=\"800,600\" data-comments-opened=\"1\" data-image-meta=\"{&quot;aperture&quot;:&quot;0&quot;,&quot;credit&quot;:&quot;&quot;,&quot;camera&quot;:&quot;&quot;,&quot;caption&quot;:&quot;&quot;,&quot;created_timestamp&quot;:&quot;0&quot;,&quot;copyright&quot;:&quot;&quot;,&quot;focal_length&quot;:&quot;0&quot;,&quot;iso&quot;:&quot;0&quot;,&quot;shutter_speed&quot;:&quot;0&quot;,&quot;title&quot;:&quot;&quot;,&quot;orientation&quot;:&quot;0&quot;}\" data-image-title=\"foto_0005\" data-image-description=\"\" data-image-caption=\"\" data-large-file=\"https:\/\/i0.wp.com\/monodes.com\/predaelli\/wp-content\/uploads\/sites\/4\/2020\/04\/foto_0005.jpg?fit=510%2C383&amp;ssl=1\" src=\"https:\/\/i2.wp.com\/monodes.com\/predaelli\/wp-content\/uploads\/sites\/4\/2020\/04\/foto_0005.jpg?fit=510%2C383&amp;ssl=1\" alt=\"\" data-id=\"7015\" data-link=\"https:\/\/monodes.com\/predaelli\/?attachment_id=7015\" class=\"wp-image-7015\" srcset=\"https:\/\/i0.wp.com\/monodes.com\/predaelli\/wp-content\/uploads\/sites\/4\/2020\/04\/foto_0005.jpg?w=800&amp;ssl=1 800w, https:\/\/i0.wp.com\/monodes.com\/predaelli\/wp-content\/uploads\/sites\/4\/2020\/04\/foto_0005.jpg?resize=300%2C225&amp;ssl=1 300w, https:\/\/i0.wp.com\/monodes.com\/predaelli\/wp-content\/uploads\/sites\/4\/2020\/04\/foto_0005.jpg?resize=510%2C383&amp;ssl=1 510w, https:\/\/i0.wp.com\/monodes.com\/predaelli\/wp-content\/uploads\/sites\/4\/2020\/04\/foto_0005.jpg?resize=768%2C576&amp;ssl=1 768w\" sizes=\"auto, (max-width: 800px) 100vw, 800px\" \/><\/a><\/figure><\/li><li class=\"blocks-gallery-item\"><figure><a href=\"https:\/\/i1.wp.com\/monodes.com\/predaelli\/wp-content\/uploads\/sites\/4\/2020\/04\/foto_0007.jpg?fit=510%2C383&amp;ssl=1\"><img loading=\"lazy\" decoding=\"async\" width=\"800\" height=\"600\" data-attachment-id=\"7016\" data-permalink=\"https:\/\/monodes.com\/predaelli\/2020\/04\/02\/la-prima-giornata-delle-liberta-digitali\/foto_0007\/\" data-orig-file=\"https:\/\/i0.wp.com\/monodes.com\/predaelli\/wp-content\/uploads\/sites\/4\/2020\/04\/foto_0007.jpg?fit=800%2C600&amp;ssl=1\" data-orig-size=\"800,600\" data-comments-opened=\"1\" data-image-meta=\"{&quot;aperture&quot;:&quot;0&quot;,&quot;credit&quot;:&quot;&quot;,&quot;camera&quot;:&quot;&quot;,&quot;caption&quot;:&quot;&quot;,&quot;created_timestamp&quot;:&quot;0&quot;,&quot;copyright&quot;:&quot;&quot;,&quot;focal_length&quot;:&quot;0&quot;,&quot;iso&quot;:&quot;0&quot;,&quot;shutter_speed&quot;:&quot;0&quot;,&quot;title&quot;:&quot;&quot;,&quot;orientation&quot;:&quot;0&quot;}\" data-image-title=\"foto_0007\" data-image-description=\"\" data-image-caption=\"\" data-large-file=\"https:\/\/i0.wp.com\/monodes.com\/predaelli\/wp-content\/uploads\/sites\/4\/2020\/04\/foto_0007.jpg?fit=510%2C383&amp;ssl=1\" src=\"https:\/\/i1.wp.com\/monodes.com\/predaelli\/wp-content\/uploads\/sites\/4\/2020\/04\/foto_0007.jpg?fit=510%2C383&amp;ssl=1\" alt=\"\" data-id=\"7016\" data-link=\"https:\/\/monodes.com\/predaelli\/?attachment_id=7016\" class=\"wp-image-7016\" srcset=\"https:\/\/i0.wp.com\/monodes.com\/predaelli\/wp-content\/uploads\/sites\/4\/2020\/04\/foto_0007.jpg?w=800&amp;ssl=1 800w, https:\/\/i0.wp.com\/monodes.com\/predaelli\/wp-content\/uploads\/sites\/4\/2020\/04\/foto_0007.jpg?resize=300%2C225&amp;ssl=1 300w, https:\/\/i0.wp.com\/monodes.com\/predaelli\/wp-content\/uploads\/sites\/4\/2020\/04\/foto_0007.jpg?resize=510%2C383&amp;ssl=1 510w, https:\/\/i0.wp.com\/monodes.com\/predaelli\/wp-content\/uploads\/sites\/4\/2020\/04\/foto_0007.jpg?resize=768%2C576&amp;ssl=1 768w\" sizes=\"auto, (max-width: 800px) 100vw, 800px\" \/><\/a><\/figure><\/li><li class=\"blocks-gallery-item\"><figure><a href=\"https:\/\/i0.wp.com\/monodes.com\/predaelli\/wp-content\/uploads\/sites\/4\/2020\/04\/foto_0008.jpg?fit=510%2C383&amp;ssl=1\"><img loading=\"lazy\" decoding=\"async\" width=\"800\" height=\"600\" data-attachment-id=\"7017\" data-permalink=\"https:\/\/monodes.com\/predaelli\/2020\/04\/02\/la-prima-giornata-delle-liberta-digitali\/foto_0008\/\" data-orig-file=\"https:\/\/i0.wp.com\/monodes.com\/predaelli\/wp-content\/uploads\/sites\/4\/2020\/04\/foto_0008.jpg?fit=800%2C600&amp;ssl=1\" data-orig-size=\"800,600\" data-comments-opened=\"1\" data-image-meta=\"{&quot;aperture&quot;:&quot;0&quot;,&quot;credit&quot;:&quot;&quot;,&quot;camera&quot;:&quot;&quot;,&quot;caption&quot;:&quot;&quot;,&quot;created_timestamp&quot;:&quot;0&quot;,&quot;copyright&quot;:&quot;&quot;,&quot;focal_length&quot;:&quot;0&quot;,&quot;iso&quot;:&quot;0&quot;,&quot;shutter_speed&quot;:&quot;0&quot;,&quot;title&quot;:&quot;&quot;,&quot;orientation&quot;:&quot;0&quot;}\" data-image-title=\"foto_0008\" data-image-description=\"\" data-image-caption=\"\" data-large-file=\"https:\/\/i0.wp.com\/monodes.com\/predaelli\/wp-content\/uploads\/sites\/4\/2020\/04\/foto_0008.jpg?fit=510%2C383&amp;ssl=1\" src=\"https:\/\/i0.wp.com\/monodes.com\/predaelli\/wp-content\/uploads\/sites\/4\/2020\/04\/foto_0008.jpg?fit=510%2C383&amp;ssl=1\" alt=\"\" data-id=\"7017\" data-link=\"https:\/\/monodes.com\/predaelli\/?attachment_id=7017\" class=\"wp-image-7017\" srcset=\"https:\/\/i0.wp.com\/monodes.com\/predaelli\/wp-content\/uploads\/sites\/4\/2020\/04\/foto_0008.jpg?w=800&amp;ssl=1 800w, https:\/\/i0.wp.com\/monodes.com\/predaelli\/wp-content\/uploads\/sites\/4\/2020\/04\/foto_0008.jpg?resize=300%2C225&amp;ssl=1 300w, https:\/\/i0.wp.com\/monodes.com\/predaelli\/wp-content\/uploads\/sites\/4\/2020\/04\/foto_0008.jpg?resize=510%2C383&amp;ssl=1 510w, https:\/\/i0.wp.com\/monodes.com\/predaelli\/wp-content\/uploads\/sites\/4\/2020\/04\/foto_0008.jpg?resize=768%2C576&amp;ssl=1 768w\" sizes=\"auto, (max-width: 800px) 100vw, 800px\" \/><\/a><\/figure><\/li><li class=\"blocks-gallery-item\"><figure><a href=\"https:\/\/i1.wp.com\/monodes.com\/predaelli\/wp-content\/uploads\/sites\/4\/2020\/04\/foto_0012.jpg?fit=510%2C383&amp;ssl=1\"><img loading=\"lazy\" decoding=\"async\" width=\"800\" height=\"600\" data-attachment-id=\"7018\" data-permalink=\"https:\/\/monodes.com\/predaelli\/2020\/04\/02\/la-prima-giornata-delle-liberta-digitali\/foto_0012\/\" data-orig-file=\"https:\/\/i0.wp.com\/monodes.com\/predaelli\/wp-content\/uploads\/sites\/4\/2020\/04\/foto_0012.jpg?fit=800%2C600&amp;ssl=1\" data-orig-size=\"800,600\" data-comments-opened=\"1\" data-image-meta=\"{&quot;aperture&quot;:&quot;0&quot;,&quot;credit&quot;:&quot;&quot;,&quot;camera&quot;:&quot;&quot;,&quot;caption&quot;:&quot;&quot;,&quot;created_timestamp&quot;:&quot;0&quot;,&quot;copyright&quot;:&quot;&quot;,&quot;focal_length&quot;:&quot;0&quot;,&quot;iso&quot;:&quot;0&quot;,&quot;shutter_speed&quot;:&quot;0&quot;,&quot;title&quot;:&quot;&quot;,&quot;orientation&quot;:&quot;0&quot;}\" data-image-title=\"foto_0012\" data-image-description=\"\" data-image-caption=\"\" data-large-file=\"https:\/\/i0.wp.com\/monodes.com\/predaelli\/wp-content\/uploads\/sites\/4\/2020\/04\/foto_0012.jpg?fit=510%2C383&amp;ssl=1\" src=\"https:\/\/i1.wp.com\/monodes.com\/predaelli\/wp-content\/uploads\/sites\/4\/2020\/04\/foto_0012.jpg?fit=510%2C383&amp;ssl=1\" alt=\"\" data-id=\"7018\" data-link=\"https:\/\/monodes.com\/predaelli\/?attachment_id=7018\" class=\"wp-image-7018\" srcset=\"https:\/\/i0.wp.com\/monodes.com\/predaelli\/wp-content\/uploads\/sites\/4\/2020\/04\/foto_0012.jpg?w=800&amp;ssl=1 800w, https:\/\/i0.wp.com\/monodes.com\/predaelli\/wp-content\/uploads\/sites\/4\/2020\/04\/foto_0012.jpg?resize=300%2C225&amp;ssl=1 300w, https:\/\/i0.wp.com\/monodes.com\/predaelli\/wp-content\/uploads\/sites\/4\/2020\/04\/foto_0012.jpg?resize=510%2C383&amp;ssl=1 510w, https:\/\/i0.wp.com\/monodes.com\/predaelli\/wp-content\/uploads\/sites\/4\/2020\/04\/foto_0012.jpg?resize=768%2C576&amp;ssl=1 768w\" sizes=\"auto, (max-width: 800px) 100vw, 800px\" \/><\/a><\/figure><\/li><li class=\"blocks-gallery-item\"><figure><a href=\"https:\/\/i2.wp.com\/monodes.com\/predaelli\/wp-content\/uploads\/sites\/4\/2020\/04\/foto_0013.jpg?fit=510%2C383&amp;ssl=1\"><img loading=\"lazy\" decoding=\"async\" width=\"800\" height=\"600\" data-attachment-id=\"7019\" data-permalink=\"https:\/\/monodes.com\/predaelli\/2020\/04\/02\/la-prima-giornata-delle-liberta-digitali\/foto_0013\/\" data-orig-file=\"https:\/\/i0.wp.com\/monodes.com\/predaelli\/wp-content\/uploads\/sites\/4\/2020\/04\/foto_0013.jpg?fit=800%2C600&amp;ssl=1\" data-orig-size=\"800,600\" data-comments-opened=\"1\" data-image-meta=\"{&quot;aperture&quot;:&quot;0&quot;,&quot;credit&quot;:&quot;&quot;,&quot;camera&quot;:&quot;&quot;,&quot;caption&quot;:&quot;&quot;,&quot;created_timestamp&quot;:&quot;0&quot;,&quot;copyright&quot;:&quot;&quot;,&quot;focal_length&quot;:&quot;0&quot;,&quot;iso&quot;:&quot;0&quot;,&quot;shutter_speed&quot;:&quot;0&quot;,&quot;title&quot;:&quot;&quot;,&quot;orientation&quot;:&quot;0&quot;}\" data-image-title=\"foto_0013\" data-image-description=\"\" data-image-caption=\"\" data-large-file=\"https:\/\/i0.wp.com\/monodes.com\/predaelli\/wp-content\/uploads\/sites\/4\/2020\/04\/foto_0013.jpg?fit=510%2C383&amp;ssl=1\" src=\"https:\/\/i2.wp.com\/monodes.com\/predaelli\/wp-content\/uploads\/sites\/4\/2020\/04\/foto_0013.jpg?fit=510%2C383&amp;ssl=1\" alt=\"\" data-id=\"7019\" data-link=\"https:\/\/monodes.com\/predaelli\/?attachment_id=7019\" class=\"wp-image-7019\" srcset=\"https:\/\/i0.wp.com\/monodes.com\/predaelli\/wp-content\/uploads\/sites\/4\/2020\/04\/foto_0013.jpg?w=800&amp;ssl=1 800w, https:\/\/i0.wp.com\/monodes.com\/predaelli\/wp-content\/uploads\/sites\/4\/2020\/04\/foto_0013.jpg?resize=300%2C225&amp;ssl=1 300w, https:\/\/i0.wp.com\/monodes.com\/predaelli\/wp-content\/uploads\/sites\/4\/2020\/04\/foto_0013.jpg?resize=510%2C383&amp;ssl=1 510w, https:\/\/i0.wp.com\/monodes.com\/predaelli\/wp-content\/uploads\/sites\/4\/2020\/04\/foto_0013.jpg?resize=768%2C576&amp;ssl=1 768w\" sizes=\"auto, (max-width: 800px) 100vw, 800px\" \/><\/a><\/figure><\/li><li class=\"blocks-gallery-item\"><figure><a href=\"https:\/\/i2.wp.com\/monodes.com\/predaelli\/wp-content\/uploads\/sites\/4\/2020\/04\/foto_0014.jpg?fit=510%2C383&amp;ssl=1\"><img loading=\"lazy\" decoding=\"async\" width=\"800\" height=\"600\" data-attachment-id=\"7020\" data-permalink=\"https:\/\/monodes.com\/predaelli\/2020\/04\/02\/la-prima-giornata-delle-liberta-digitali\/foto_0014\/\" data-orig-file=\"https:\/\/i0.wp.com\/monodes.com\/predaelli\/wp-content\/uploads\/sites\/4\/2020\/04\/foto_0014.jpg?fit=800%2C600&amp;ssl=1\" data-orig-size=\"800,600\" data-comments-opened=\"1\" data-image-meta=\"{&quot;aperture&quot;:&quot;0&quot;,&quot;credit&quot;:&quot;&quot;,&quot;camera&quot;:&quot;&quot;,&quot;caption&quot;:&quot;&quot;,&quot;created_timestamp&quot;:&quot;0&quot;,&quot;copyright&quot;:&quot;&quot;,&quot;focal_length&quot;:&quot;0&quot;,&quot;iso&quot;:&quot;0&quot;,&quot;shutter_speed&quot;:&quot;0&quot;,&quot;title&quot;:&quot;&quot;,&quot;orientation&quot;:&quot;0&quot;}\" data-image-title=\"foto_0014\" data-image-description=\"\" data-image-caption=\"\" data-large-file=\"https:\/\/i0.wp.com\/monodes.com\/predaelli\/wp-content\/uploads\/sites\/4\/2020\/04\/foto_0014.jpg?fit=510%2C383&amp;ssl=1\" src=\"https:\/\/i2.wp.com\/monodes.com\/predaelli\/wp-content\/uploads\/sites\/4\/2020\/04\/foto_0014.jpg?fit=510%2C383&amp;ssl=1\" alt=\"\" data-id=\"7020\" data-link=\"https:\/\/monodes.com\/predaelli\/?attachment_id=7020\" class=\"wp-image-7020\" srcset=\"https:\/\/i0.wp.com\/monodes.com\/predaelli\/wp-content\/uploads\/sites\/4\/2020\/04\/foto_0014.jpg?w=800&amp;ssl=1 800w, https:\/\/i0.wp.com\/monodes.com\/predaelli\/wp-content\/uploads\/sites\/4\/2020\/04\/foto_0014.jpg?resize=300%2C225&amp;ssl=1 300w, https:\/\/i0.wp.com\/monodes.com\/predaelli\/wp-content\/uploads\/sites\/4\/2020\/04\/foto_0014.jpg?resize=510%2C383&amp;ssl=1 510w, https:\/\/i0.wp.com\/monodes.com\/predaelli\/wp-content\/uploads\/sites\/4\/2020\/04\/foto_0014.jpg?resize=768%2C576&amp;ssl=1 768w\" sizes=\"auto, (max-width: 800px) 100vw, 800px\" \/><\/a><\/figure><\/li><li class=\"blocks-gallery-item\"><figure><a href=\"https:\/\/i1.wp.com\/monodes.com\/predaelli\/wp-content\/uploads\/sites\/4\/2020\/04\/foto_0020.jpg?fit=510%2C680&amp;ssl=1\"><img loading=\"lazy\" decoding=\"async\" width=\"600\" height=\"800\" data-attachment-id=\"7021\" data-permalink=\"https:\/\/monodes.com\/predaelli\/2020\/04\/02\/la-prima-giornata-delle-liberta-digitali\/foto_0020\/\" data-orig-file=\"https:\/\/i0.wp.com\/monodes.com\/predaelli\/wp-content\/uploads\/sites\/4\/2020\/04\/foto_0020.jpg?fit=600%2C800&amp;ssl=1\" data-orig-size=\"600,800\" data-comments-opened=\"1\" data-image-meta=\"{&quot;aperture&quot;:&quot;0&quot;,&quot;credit&quot;:&quot;&quot;,&quot;camera&quot;:&quot;&quot;,&quot;caption&quot;:&quot;&quot;,&quot;created_timestamp&quot;:&quot;0&quot;,&quot;copyright&quot;:&quot;&quot;,&quot;focal_length&quot;:&quot;0&quot;,&quot;iso&quot;:&quot;0&quot;,&quot;shutter_speed&quot;:&quot;0&quot;,&quot;title&quot;:&quot;&quot;,&quot;orientation&quot;:&quot;0&quot;}\" data-image-title=\"foto_0020\" data-image-description=\"\" data-image-caption=\"\" data-large-file=\"https:\/\/i0.wp.com\/monodes.com\/predaelli\/wp-content\/uploads\/sites\/4\/2020\/04\/foto_0020.jpg?fit=510%2C680&amp;ssl=1\" src=\"https:\/\/i1.wp.com\/monodes.com\/predaelli\/wp-content\/uploads\/sites\/4\/2020\/04\/foto_0020.jpg?fit=510%2C680&amp;ssl=1\" alt=\"\" data-id=\"7021\" data-link=\"https:\/\/monodes.com\/predaelli\/?attachment_id=7021\" class=\"wp-image-7021\" srcset=\"https:\/\/i0.wp.com\/monodes.com\/predaelli\/wp-content\/uploads\/sites\/4\/2020\/04\/foto_0020.jpg?w=600&amp;ssl=1 600w, https:\/\/i0.wp.com\/monodes.com\/predaelli\/wp-content\/uploads\/sites\/4\/2020\/04\/foto_0020.jpg?resize=225%2C300&amp;ssl=1 225w, https:\/\/i0.wp.com\/monodes.com\/predaelli\/wp-content\/uploads\/sites\/4\/2020\/04\/foto_0020.jpg?resize=510%2C680&amp;ssl=1 510w\" sizes=\"auto, (max-width: 600px) 100vw, 600px\" \/><\/a><\/figure><\/li><li class=\"blocks-gallery-item\"><figure><a href=\"https:\/\/i1.wp.com\/monodes.com\/predaelli\/wp-content\/uploads\/sites\/4\/2020\/04\/foto_0023.jpg?fit=510%2C680&amp;ssl=1\"><img loading=\"lazy\" decoding=\"async\" width=\"600\" height=\"800\" data-attachment-id=\"7022\" data-permalink=\"https:\/\/monodes.com\/predaelli\/2020\/04\/02\/la-prima-giornata-delle-liberta-digitali\/foto_0023\/\" data-orig-file=\"https:\/\/i0.wp.com\/monodes.com\/predaelli\/wp-content\/uploads\/sites\/4\/2020\/04\/foto_0023.jpg?fit=600%2C800&amp;ssl=1\" data-orig-size=\"600,800\" data-comments-opened=\"1\" data-image-meta=\"{&quot;aperture&quot;:&quot;0&quot;,&quot;credit&quot;:&quot;&quot;,&quot;camera&quot;:&quot;&quot;,&quot;caption&quot;:&quot;&quot;,&quot;created_timestamp&quot;:&quot;0&quot;,&quot;copyright&quot;:&quot;&quot;,&quot;focal_length&quot;:&quot;0&quot;,&quot;iso&quot;:&quot;0&quot;,&quot;shutter_speed&quot;:&quot;0&quot;,&quot;title&quot;:&quot;&quot;,&quot;orientation&quot;:&quot;0&quot;}\" data-image-title=\"foto_0023\" data-image-description=\"\" data-image-caption=\"\" data-large-file=\"https:\/\/i0.wp.com\/monodes.com\/predaelli\/wp-content\/uploads\/sites\/4\/2020\/04\/foto_0023.jpg?fit=510%2C680&amp;ssl=1\" src=\"https:\/\/i1.wp.com\/monodes.com\/predaelli\/wp-content\/uploads\/sites\/4\/2020\/04\/foto_0023.jpg?fit=510%2C680&amp;ssl=1\" alt=\"\" data-id=\"7022\" data-link=\"https:\/\/monodes.com\/predaelli\/?attachment_id=7022\" class=\"wp-image-7022\" srcset=\"https:\/\/i0.wp.com\/monodes.com\/predaelli\/wp-content\/uploads\/sites\/4\/2020\/04\/foto_0023.jpg?w=600&amp;ssl=1 600w, https:\/\/i0.wp.com\/monodes.com\/predaelli\/wp-content\/uploads\/sites\/4\/2020\/04\/foto_0023.jpg?resize=225%2C300&amp;ssl=1 225w, https:\/\/i0.wp.com\/monodes.com\/predaelli\/wp-content\/uploads\/sites\/4\/2020\/04\/foto_0023.jpg?resize=510%2C680&amp;ssl=1 510w\" sizes=\"auto, (max-width: 600px) 100vw, 600px\" \/><\/a><figcaption class=\"blocks-gallery-item__caption\">Guido Serra<\/figcaption><\/figure><\/li><li class=\"blocks-gallery-item\"><figure><a href=\"https:\/\/i1.wp.com\/monodes.com\/predaelli\/wp-content\/uploads\/sites\/4\/2020\/04\/foto_0024.jpg?fit=510%2C383&amp;ssl=1\"><img loading=\"lazy\" decoding=\"async\" width=\"800\" height=\"600\" data-attachment-id=\"7023\" data-permalink=\"https:\/\/monodes.com\/predaelli\/2020\/04\/02\/la-prima-giornata-delle-liberta-digitali\/foto_0024\/\" data-orig-file=\"https:\/\/i0.wp.com\/monodes.com\/predaelli\/wp-content\/uploads\/sites\/4\/2020\/04\/foto_0024.jpg?fit=800%2C600&amp;ssl=1\" data-orig-size=\"800,600\" data-comments-opened=\"1\" data-image-meta=\"{&quot;aperture&quot;:&quot;0&quot;,&quot;credit&quot;:&quot;&quot;,&quot;camera&quot;:&quot;&quot;,&quot;caption&quot;:&quot;&quot;,&quot;created_timestamp&quot;:&quot;0&quot;,&quot;copyright&quot;:&quot;&quot;,&quot;focal_length&quot;:&quot;0&quot;,&quot;iso&quot;:&quot;0&quot;,&quot;shutter_speed&quot;:&quot;0&quot;,&quot;title&quot;:&quot;&quot;,&quot;orientation&quot;:&quot;0&quot;}\" data-image-title=\"foto_0024\" data-image-description=\"\" data-image-caption=\"\" data-large-file=\"https:\/\/i0.wp.com\/monodes.com\/predaelli\/wp-content\/uploads\/sites\/4\/2020\/04\/foto_0024.jpg?fit=510%2C383&amp;ssl=1\" src=\"https:\/\/i1.wp.com\/monodes.com\/predaelli\/wp-content\/uploads\/sites\/4\/2020\/04\/foto_0024.jpg?fit=510%2C383&amp;ssl=1\" alt=\"\" data-id=\"7023\" data-link=\"https:\/\/monodes.com\/predaelli\/?attachment_id=7023\" class=\"wp-image-7023\" srcset=\"https:\/\/i0.wp.com\/monodes.com\/predaelli\/wp-content\/uploads\/sites\/4\/2020\/04\/foto_0024.jpg?w=800&amp;ssl=1 800w, https:\/\/i0.wp.com\/monodes.com\/predaelli\/wp-content\/uploads\/sites\/4\/2020\/04\/foto_0024.jpg?resize=300%2C225&amp;ssl=1 300w, https:\/\/i0.wp.com\/monodes.com\/predaelli\/wp-content\/uploads\/sites\/4\/2020\/04\/foto_0024.jpg?resize=510%2C383&amp;ssl=1 510w, https:\/\/i0.wp.com\/monodes.com\/predaelli\/wp-content\/uploads\/sites\/4\/2020\/04\/foto_0024.jpg?resize=768%2C576&amp;ssl=1 768w\" sizes=\"auto, (max-width: 800px) 100vw, 800px\" \/><\/a><\/figure><\/li><li class=\"blocks-gallery-item\"><figure><a href=\"https:\/\/i1.wp.com\/monodes.com\/predaelli\/wp-content\/uploads\/sites\/4\/2020\/04\/foto_0028.jpg?fit=510%2C383&amp;ssl=1\"><img loading=\"lazy\" decoding=\"async\" width=\"800\" height=\"600\" data-attachment-id=\"7024\" data-permalink=\"https:\/\/monodes.com\/predaelli\/2020\/04\/02\/la-prima-giornata-delle-liberta-digitali\/foto_0028\/\" data-orig-file=\"https:\/\/i0.wp.com\/monodes.com\/predaelli\/wp-content\/uploads\/sites\/4\/2020\/04\/foto_0028.jpg?fit=800%2C600&amp;ssl=1\" data-orig-size=\"800,600\" data-comments-opened=\"1\" data-image-meta=\"{&quot;aperture&quot;:&quot;0&quot;,&quot;credit&quot;:&quot;&quot;,&quot;camera&quot;:&quot;&quot;,&quot;caption&quot;:&quot;&quot;,&quot;created_timestamp&quot;:&quot;0&quot;,&quot;copyright&quot;:&quot;&quot;,&quot;focal_length&quot;:&quot;0&quot;,&quot;iso&quot;:&quot;0&quot;,&quot;shutter_speed&quot;:&quot;0&quot;,&quot;title&quot;:&quot;&quot;,&quot;orientation&quot;:&quot;0&quot;}\" data-image-title=\"foto_0028\" data-image-description=\"\" data-image-caption=\"\" data-large-file=\"https:\/\/i0.wp.com\/monodes.com\/predaelli\/wp-content\/uploads\/sites\/4\/2020\/04\/foto_0028.jpg?fit=510%2C383&amp;ssl=1\" src=\"https:\/\/i1.wp.com\/monodes.com\/predaelli\/wp-content\/uploads\/sites\/4\/2020\/04\/foto_0028.jpg?fit=510%2C383&amp;ssl=1\" alt=\"\" data-id=\"7024\" data-link=\"https:\/\/monodes.com\/predaelli\/?attachment_id=7024\" class=\"wp-image-7024\" srcset=\"https:\/\/i0.wp.com\/monodes.com\/predaelli\/wp-content\/uploads\/sites\/4\/2020\/04\/foto_0028.jpg?w=800&amp;ssl=1 800w, https:\/\/i0.wp.com\/monodes.com\/predaelli\/wp-content\/uploads\/sites\/4\/2020\/04\/foto_0028.jpg?resize=300%2C225&amp;ssl=1 300w, https:\/\/i0.wp.com\/monodes.com\/predaelli\/wp-content\/uploads\/sites\/4\/2020\/04\/foto_0028.jpg?resize=510%2C383&amp;ssl=1 510w, https:\/\/i0.wp.com\/monodes.com\/predaelli\/wp-content\/uploads\/sites\/4\/2020\/04\/foto_0028.jpg?resize=768%2C576&amp;ssl=1 768w\" sizes=\"auto, (max-width: 800px) 100vw, 800px\" \/><\/a><\/figure><\/li><li class=\"blocks-gallery-item\"><figure><a href=\"https:\/\/i1.wp.com\/monodes.com\/predaelli\/wp-content\/uploads\/sites\/4\/2020\/04\/foto_0030.jpg?fit=510%2C680&amp;ssl=1\"><img loading=\"lazy\" decoding=\"async\" width=\"600\" height=\"800\" data-attachment-id=\"7025\" data-permalink=\"https:\/\/monodes.com\/predaelli\/2020\/04\/02\/la-prima-giornata-delle-liberta-digitali\/foto_0030\/\" data-orig-file=\"https:\/\/i0.wp.com\/monodes.com\/predaelli\/wp-content\/uploads\/sites\/4\/2020\/04\/foto_0030.jpg?fit=600%2C800&amp;ssl=1\" data-orig-size=\"600,800\" data-comments-opened=\"1\" data-image-meta=\"{&quot;aperture&quot;:&quot;0&quot;,&quot;credit&quot;:&quot;&quot;,&quot;camera&quot;:&quot;&quot;,&quot;caption&quot;:&quot;&quot;,&quot;created_timestamp&quot;:&quot;0&quot;,&quot;copyright&quot;:&quot;&quot;,&quot;focal_length&quot;:&quot;0&quot;,&quot;iso&quot;:&quot;0&quot;,&quot;shutter_speed&quot;:&quot;0&quot;,&quot;title&quot;:&quot;&quot;,&quot;orientation&quot;:&quot;0&quot;}\" data-image-title=\"foto_0030\" data-image-description=\"\" data-image-caption=\"\" data-large-file=\"https:\/\/i0.wp.com\/monodes.com\/predaelli\/wp-content\/uploads\/sites\/4\/2020\/04\/foto_0030.jpg?fit=510%2C680&amp;ssl=1\" src=\"https:\/\/i1.wp.com\/monodes.com\/predaelli\/wp-content\/uploads\/sites\/4\/2020\/04\/foto_0030.jpg?fit=510%2C680&amp;ssl=1\" alt=\"\" data-id=\"7025\" data-link=\"https:\/\/monodes.com\/predaelli\/?attachment_id=7025\" class=\"wp-image-7025\" srcset=\"https:\/\/i0.wp.com\/monodes.com\/predaelli\/wp-content\/uploads\/sites\/4\/2020\/04\/foto_0030.jpg?w=600&amp;ssl=1 600w, https:\/\/i0.wp.com\/monodes.com\/predaelli\/wp-content\/uploads\/sites\/4\/2020\/04\/foto_0030.jpg?resize=225%2C300&amp;ssl=1 225w, https:\/\/i0.wp.com\/monodes.com\/predaelli\/wp-content\/uploads\/sites\/4\/2020\/04\/foto_0030.jpg?resize=510%2C680&amp;ssl=1 510w\" sizes=\"auto, (max-width: 600px) 100vw, 600px\" \/><\/a><\/figure><\/li><li class=\"blocks-gallery-item\"><figure><a href=\"https:\/\/i2.wp.com\/monodes.com\/predaelli\/wp-content\/uploads\/sites\/4\/2020\/04\/foto_0037.jpg?fit=510%2C680&amp;ssl=1\"><img loading=\"lazy\" decoding=\"async\" width=\"600\" height=\"800\" data-attachment-id=\"7026\" data-permalink=\"https:\/\/monodes.com\/predaelli\/2020\/04\/02\/la-prima-giornata-delle-liberta-digitali\/foto_0037\/\" data-orig-file=\"https:\/\/i0.wp.com\/monodes.com\/predaelli\/wp-content\/uploads\/sites\/4\/2020\/04\/foto_0037.jpg?fit=600%2C800&amp;ssl=1\" data-orig-size=\"600,800\" data-comments-opened=\"1\" data-image-meta=\"{&quot;aperture&quot;:&quot;0&quot;,&quot;credit&quot;:&quot;&quot;,&quot;camera&quot;:&quot;&quot;,&quot;caption&quot;:&quot;&quot;,&quot;created_timestamp&quot;:&quot;0&quot;,&quot;copyright&quot;:&quot;&quot;,&quot;focal_length&quot;:&quot;0&quot;,&quot;iso&quot;:&quot;0&quot;,&quot;shutter_speed&quot;:&quot;0&quot;,&quot;title&quot;:&quot;&quot;,&quot;orientation&quot;:&quot;0&quot;}\" data-image-title=\"foto_0037\" data-image-description=\"\" data-image-caption=\"\" data-large-file=\"https:\/\/i0.wp.com\/monodes.com\/predaelli\/wp-content\/uploads\/sites\/4\/2020\/04\/foto_0037.jpg?fit=510%2C680&amp;ssl=1\" src=\"https:\/\/i2.wp.com\/monodes.com\/predaelli\/wp-content\/uploads\/sites\/4\/2020\/04\/foto_0037.jpg?fit=510%2C680&amp;ssl=1\" alt=\"\" data-id=\"7026\" data-link=\"https:\/\/monodes.com\/predaelli\/?attachment_id=7026\" class=\"wp-image-7026\" srcset=\"https:\/\/i0.wp.com\/monodes.com\/predaelli\/wp-content\/uploads\/sites\/4\/2020\/04\/foto_0037.jpg?w=600&amp;ssl=1 600w, https:\/\/i0.wp.com\/monodes.com\/predaelli\/wp-content\/uploads\/sites\/4\/2020\/04\/foto_0037.jpg?resize=225%2C300&amp;ssl=1 225w, https:\/\/i0.wp.com\/monodes.com\/predaelli\/wp-content\/uploads\/sites\/4\/2020\/04\/foto_0037.jpg?resize=510%2C680&amp;ssl=1 510w\" sizes=\"auto, (max-width: 600px) 100vw, 600px\" \/><\/a><\/figure><\/li><li class=\"blocks-gallery-item\"><figure><a href=\"https:\/\/i1.wp.com\/monodes.com\/predaelli\/wp-content\/uploads\/sites\/4\/2020\/04\/foto_0039.jpg?fit=510%2C383&amp;ssl=1\"><img loading=\"lazy\" decoding=\"async\" width=\"800\" height=\"600\" data-attachment-id=\"7027\" data-permalink=\"https:\/\/monodes.com\/predaelli\/2020\/04\/02\/la-prima-giornata-delle-liberta-digitali\/foto_0039\/\" data-orig-file=\"https:\/\/i0.wp.com\/monodes.com\/predaelli\/wp-content\/uploads\/sites\/4\/2020\/04\/foto_0039.jpg?fit=800%2C600&amp;ssl=1\" data-orig-size=\"800,600\" data-comments-opened=\"1\" data-image-meta=\"{&quot;aperture&quot;:&quot;0&quot;,&quot;credit&quot;:&quot;&quot;,&quot;camera&quot;:&quot;&quot;,&quot;caption&quot;:&quot;&quot;,&quot;created_timestamp&quot;:&quot;0&quot;,&quot;copyright&quot;:&quot;&quot;,&quot;focal_length&quot;:&quot;0&quot;,&quot;iso&quot;:&quot;0&quot;,&quot;shutter_speed&quot;:&quot;0&quot;,&quot;title&quot;:&quot;&quot;,&quot;orientation&quot;:&quot;0&quot;}\" data-image-title=\"foto_0039\" data-image-description=\"\" data-image-caption=\"\" data-large-file=\"https:\/\/i0.wp.com\/monodes.com\/predaelli\/wp-content\/uploads\/sites\/4\/2020\/04\/foto_0039.jpg?fit=510%2C383&amp;ssl=1\" src=\"https:\/\/i1.wp.com\/monodes.com\/predaelli\/wp-content\/uploads\/sites\/4\/2020\/04\/foto_0039.jpg?fit=510%2C383&amp;ssl=1\" alt=\"\" data-id=\"7027\" data-link=\"https:\/\/monodes.com\/predaelli\/?attachment_id=7027\" class=\"wp-image-7027\" srcset=\"https:\/\/i0.wp.com\/monodes.com\/predaelli\/wp-content\/uploads\/sites\/4\/2020\/04\/foto_0039.jpg?w=800&amp;ssl=1 800w, https:\/\/i0.wp.com\/monodes.com\/predaelli\/wp-content\/uploads\/sites\/4\/2020\/04\/foto_0039.jpg?resize=300%2C225&amp;ssl=1 300w, https:\/\/i0.wp.com\/monodes.com\/predaelli\/wp-content\/uploads\/sites\/4\/2020\/04\/foto_0039.jpg?resize=510%2C383&amp;ssl=1 510w, https:\/\/i0.wp.com\/monodes.com\/predaelli\/wp-content\/uploads\/sites\/4\/2020\/04\/foto_0039.jpg?resize=768%2C576&amp;ssl=1 768w\" sizes=\"auto, (max-width: 800px) 100vw, 800px\" \/><\/a><\/figure><\/li><li class=\"blocks-gallery-item\"><figure><a href=\"https:\/\/i2.wp.com\/monodes.com\/predaelli\/wp-content\/uploads\/sites\/4\/2020\/04\/foto_0042.jpg?fit=510%2C383&amp;ssl=1\"><img loading=\"lazy\" decoding=\"async\" width=\"800\" height=\"600\" data-attachment-id=\"7028\" data-permalink=\"https:\/\/monodes.com\/predaelli\/2020\/04\/02\/la-prima-giornata-delle-liberta-digitali\/foto_0042\/\" data-orig-file=\"https:\/\/i0.wp.com\/monodes.com\/predaelli\/wp-content\/uploads\/sites\/4\/2020\/04\/foto_0042.jpg?fit=800%2C600&amp;ssl=1\" data-orig-size=\"800,600\" data-comments-opened=\"1\" data-image-meta=\"{&quot;aperture&quot;:&quot;0&quot;,&quot;credit&quot;:&quot;&quot;,&quot;camera&quot;:&quot;&quot;,&quot;caption&quot;:&quot;&quot;,&quot;created_timestamp&quot;:&quot;0&quot;,&quot;copyright&quot;:&quot;&quot;,&quot;focal_length&quot;:&quot;0&quot;,&quot;iso&quot;:&quot;0&quot;,&quot;shutter_speed&quot;:&quot;0&quot;,&quot;title&quot;:&quot;&quot;,&quot;orientation&quot;:&quot;0&quot;}\" data-image-title=\"foto_0042\" data-image-description=\"\" data-image-caption=\"\" data-large-file=\"https:\/\/i0.wp.com\/monodes.com\/predaelli\/wp-content\/uploads\/sites\/4\/2020\/04\/foto_0042.jpg?fit=510%2C383&amp;ssl=1\" src=\"https:\/\/i2.wp.com\/monodes.com\/predaelli\/wp-content\/uploads\/sites\/4\/2020\/04\/foto_0042.jpg?fit=510%2C383&amp;ssl=1\" alt=\"\" data-id=\"7028\" data-link=\"https:\/\/monodes.com\/predaelli\/?attachment_id=7028\" class=\"wp-image-7028\" srcset=\"https:\/\/i0.wp.com\/monodes.com\/predaelli\/wp-content\/uploads\/sites\/4\/2020\/04\/foto_0042.jpg?w=800&amp;ssl=1 800w, https:\/\/i0.wp.com\/monodes.com\/predaelli\/wp-content\/uploads\/sites\/4\/2020\/04\/foto_0042.jpg?resize=300%2C225&amp;ssl=1 300w, https:\/\/i0.wp.com\/monodes.com\/predaelli\/wp-content\/uploads\/sites\/4\/2020\/04\/foto_0042.jpg?resize=510%2C383&amp;ssl=1 510w, https:\/\/i0.wp.com\/monodes.com\/predaelli\/wp-content\/uploads\/sites\/4\/2020\/04\/foto_0042.jpg?resize=768%2C576&amp;ssl=1 768w\" sizes=\"auto, (max-width: 800px) 100vw, 800px\" \/><\/a><\/figure><\/li><li class=\"blocks-gallery-item\"><figure><a href=\"https:\/\/i2.wp.com\/monodes.com\/predaelli\/wp-content\/uploads\/sites\/4\/2020\/04\/foto_44.jpg?fit=510%2C383&amp;ssl=1\"><img loading=\"lazy\" decoding=\"async\" width=\"800\" height=\"600\" data-attachment-id=\"7029\" data-permalink=\"https:\/\/monodes.com\/predaelli\/2020\/04\/02\/la-prima-giornata-delle-liberta-digitali\/foto_44\/\" data-orig-file=\"https:\/\/i0.wp.com\/monodes.com\/predaelli\/wp-content\/uploads\/sites\/4\/2020\/04\/foto_44.jpg?fit=800%2C600&amp;ssl=1\" data-orig-size=\"800,600\" data-comments-opened=\"1\" data-image-meta=\"{&quot;aperture&quot;:&quot;0&quot;,&quot;credit&quot;:&quot;&quot;,&quot;camera&quot;:&quot;&quot;,&quot;caption&quot;:&quot;&quot;,&quot;created_timestamp&quot;:&quot;0&quot;,&quot;copyright&quot;:&quot;&quot;,&quot;focal_length&quot;:&quot;0&quot;,&quot;iso&quot;:&quot;0&quot;,&quot;shutter_speed&quot;:&quot;0&quot;,&quot;title&quot;:&quot;&quot;,&quot;orientation&quot;:&quot;0&quot;}\" data-image-title=\"foto_44\" data-image-description=\"\" data-image-caption=\"\" data-large-file=\"https:\/\/i0.wp.com\/monodes.com\/predaelli\/wp-content\/uploads\/sites\/4\/2020\/04\/foto_44.jpg?fit=510%2C383&amp;ssl=1\" src=\"https:\/\/i2.wp.com\/monodes.com\/predaelli\/wp-content\/uploads\/sites\/4\/2020\/04\/foto_44.jpg?fit=510%2C383&amp;ssl=1\" alt=\"\" data-id=\"7029\" data-link=\"https:\/\/monodes.com\/predaelli\/?attachment_id=7029\" class=\"wp-image-7029\" srcset=\"https:\/\/i0.wp.com\/monodes.com\/predaelli\/wp-content\/uploads\/sites\/4\/2020\/04\/foto_44.jpg?w=800&amp;ssl=1 800w, https:\/\/i0.wp.com\/monodes.com\/predaelli\/wp-content\/uploads\/sites\/4\/2020\/04\/foto_44.jpg?resize=300%2C225&amp;ssl=1 300w, https:\/\/i0.wp.com\/monodes.com\/predaelli\/wp-content\/uploads\/sites\/4\/2020\/04\/foto_44.jpg?resize=510%2C383&amp;ssl=1 510w, https:\/\/i0.wp.com\/monodes.com\/predaelli\/wp-content\/uploads\/sites\/4\/2020\/04\/foto_44.jpg?resize=768%2C576&amp;ssl=1 768w\" sizes=\"auto, (max-width: 800px) 100vw, 800px\" \/><\/a><\/figure><\/li><li class=\"blocks-gallery-item\"><figure><a href=\"https:\/\/i0.wp.com\/monodes.com\/predaelli\/wp-content\/uploads\/sites\/4\/2020\/04\/foto_45.jpg?fit=510%2C680&amp;ssl=1\"><img loading=\"lazy\" decoding=\"async\" width=\"600\" height=\"800\" data-attachment-id=\"7030\" data-permalink=\"https:\/\/monodes.com\/predaelli\/2020\/04\/02\/la-prima-giornata-delle-liberta-digitali\/foto_45\/\" data-orig-file=\"https:\/\/i0.wp.com\/monodes.com\/predaelli\/wp-content\/uploads\/sites\/4\/2020\/04\/foto_45.jpg?fit=600%2C800&amp;ssl=1\" data-orig-size=\"600,800\" data-comments-opened=\"1\" data-image-meta=\"{&quot;aperture&quot;:&quot;0&quot;,&quot;credit&quot;:&quot;&quot;,&quot;camera&quot;:&quot;&quot;,&quot;caption&quot;:&quot;&quot;,&quot;created_timestamp&quot;:&quot;0&quot;,&quot;copyright&quot;:&quot;&quot;,&quot;focal_length&quot;:&quot;0&quot;,&quot;iso&quot;:&quot;0&quot;,&quot;shutter_speed&quot;:&quot;0&quot;,&quot;title&quot;:&quot;&quot;,&quot;orientation&quot;:&quot;0&quot;}\" data-image-title=\"foto_45\" data-image-description=\"\" data-image-caption=\"\" data-large-file=\"https:\/\/i0.wp.com\/monodes.com\/predaelli\/wp-content\/uploads\/sites\/4\/2020\/04\/foto_45.jpg?fit=510%2C680&amp;ssl=1\" src=\"https:\/\/i0.wp.com\/monodes.com\/predaelli\/wp-content\/uploads\/sites\/4\/2020\/04\/foto_45.jpg?fit=510%2C680&amp;ssl=1\" alt=\"\" data-id=\"7030\" data-link=\"https:\/\/monodes.com\/predaelli\/?attachment_id=7030\" class=\"wp-image-7030\" srcset=\"https:\/\/i0.wp.com\/monodes.com\/predaelli\/wp-content\/uploads\/sites\/4\/2020\/04\/foto_45.jpg?w=600&amp;ssl=1 600w, https:\/\/i0.wp.com\/monodes.com\/predaelli\/wp-content\/uploads\/sites\/4\/2020\/04\/foto_45.jpg?resize=225%2C300&amp;ssl=1 225w, https:\/\/i0.wp.com\/monodes.com\/predaelli\/wp-content\/uploads\/sites\/4\/2020\/04\/foto_45.jpg?resize=510%2C680&amp;ssl=1 510w\" sizes=\"auto, (max-width: 600px) 100vw, 600px\" \/><\/a><\/figure><\/li><li class=\"blocks-gallery-item\"><figure><a href=\"https:\/\/i0.wp.com\/monodes.com\/predaelli\/wp-content\/uploads\/sites\/4\/2020\/04\/foto_50.jpg?fit=510%2C383&amp;ssl=1\"><img loading=\"lazy\" decoding=\"async\" width=\"800\" height=\"600\" data-attachment-id=\"7031\" data-permalink=\"https:\/\/monodes.com\/predaelli\/2020\/04\/02\/la-prima-giornata-delle-liberta-digitali\/foto_50\/\" data-orig-file=\"https:\/\/i0.wp.com\/monodes.com\/predaelli\/wp-content\/uploads\/sites\/4\/2020\/04\/foto_50.jpg?fit=800%2C600&amp;ssl=1\" data-orig-size=\"800,600\" data-comments-opened=\"1\" data-image-meta=\"{&quot;aperture&quot;:&quot;0&quot;,&quot;credit&quot;:&quot;&quot;,&quot;camera&quot;:&quot;&quot;,&quot;caption&quot;:&quot;&quot;,&quot;created_timestamp&quot;:&quot;0&quot;,&quot;copyright&quot;:&quot;&quot;,&quot;focal_length&quot;:&quot;0&quot;,&quot;iso&quot;:&quot;0&quot;,&quot;shutter_speed&quot;:&quot;0&quot;,&quot;title&quot;:&quot;&quot;,&quot;orientation&quot;:&quot;0&quot;}\" data-image-title=\"foto_50\" data-image-description=\"\" data-image-caption=\"\" data-large-file=\"https:\/\/i0.wp.com\/monodes.com\/predaelli\/wp-content\/uploads\/sites\/4\/2020\/04\/foto_50.jpg?fit=510%2C383&amp;ssl=1\" src=\"https:\/\/i0.wp.com\/monodes.com\/predaelli\/wp-content\/uploads\/sites\/4\/2020\/04\/foto_50.jpg?fit=510%2C383&amp;ssl=1\" alt=\"\" data-id=\"7031\" data-link=\"https:\/\/monodes.com\/predaelli\/?attachment_id=7031\" class=\"wp-image-7031\" srcset=\"https:\/\/i0.wp.com\/monodes.com\/predaelli\/wp-content\/uploads\/sites\/4\/2020\/04\/foto_50.jpg?w=800&amp;ssl=1 800w, https:\/\/i0.wp.com\/monodes.com\/predaelli\/wp-content\/uploads\/sites\/4\/2020\/04\/foto_50.jpg?resize=300%2C225&amp;ssl=1 300w, https:\/\/i0.wp.com\/monodes.com\/predaelli\/wp-content\/uploads\/sites\/4\/2020\/04\/foto_50.jpg?resize=510%2C383&amp;ssl=1 510w, https:\/\/i0.wp.com\/monodes.com\/predaelli\/wp-content\/uploads\/sites\/4\/2020\/04\/foto_50.jpg?resize=768%2C576&amp;ssl=1 768w\" sizes=\"auto, (max-width: 800px) 100vw, 800px\" \/><\/a><\/figure><\/li><li class=\"blocks-gallery-item\"><figure><a href=\"https:\/\/i1.wp.com\/monodes.com\/predaelli\/wp-content\/uploads\/sites\/4\/2020\/04\/foto_55.jpg?fit=510%2C383&amp;ssl=1\"><img loading=\"lazy\" decoding=\"async\" width=\"800\" height=\"600\" data-attachment-id=\"7032\" data-permalink=\"https:\/\/monodes.com\/predaelli\/2020\/04\/02\/la-prima-giornata-delle-liberta-digitali\/foto_55\/\" data-orig-file=\"https:\/\/i0.wp.com\/monodes.com\/predaelli\/wp-content\/uploads\/sites\/4\/2020\/04\/foto_55.jpg?fit=800%2C600&amp;ssl=1\" data-orig-size=\"800,600\" data-comments-opened=\"1\" data-image-meta=\"{&quot;aperture&quot;:&quot;0&quot;,&quot;credit&quot;:&quot;&quot;,&quot;camera&quot;:&quot;&quot;,&quot;caption&quot;:&quot;&quot;,&quot;created_timestamp&quot;:&quot;0&quot;,&quot;copyright&quot;:&quot;&quot;,&quot;focal_length&quot;:&quot;0&quot;,&quot;iso&quot;:&quot;0&quot;,&quot;shutter_speed&quot;:&quot;0&quot;,&quot;title&quot;:&quot;&quot;,&quot;orientation&quot;:&quot;0&quot;}\" data-image-title=\"foto_55\" data-image-description=\"\" data-image-caption=\"\" data-large-file=\"https:\/\/i0.wp.com\/monodes.com\/predaelli\/wp-content\/uploads\/sites\/4\/2020\/04\/foto_55.jpg?fit=510%2C383&amp;ssl=1\" src=\"https:\/\/i1.wp.com\/monodes.com\/predaelli\/wp-content\/uploads\/sites\/4\/2020\/04\/foto_55.jpg?fit=510%2C383&amp;ssl=1\" alt=\"\" data-id=\"7032\" data-link=\"https:\/\/monodes.com\/predaelli\/?attachment_id=7032\" class=\"wp-image-7032\" srcset=\"https:\/\/i0.wp.com\/monodes.com\/predaelli\/wp-content\/uploads\/sites\/4\/2020\/04\/foto_55.jpg?w=800&amp;ssl=1 800w, https:\/\/i0.wp.com\/monodes.com\/predaelli\/wp-content\/uploads\/sites\/4\/2020\/04\/foto_55.jpg?resize=300%2C225&amp;ssl=1 300w, https:\/\/i0.wp.com\/monodes.com\/predaelli\/wp-content\/uploads\/sites\/4\/2020\/04\/foto_55.jpg?resize=510%2C383&amp;ssl=1 510w, https:\/\/i0.wp.com\/monodes.com\/predaelli\/wp-content\/uploads\/sites\/4\/2020\/04\/foto_55.jpg?resize=768%2C576&amp;ssl=1 768w\" sizes=\"auto, (max-width: 800px) 100vw, 800px\" \/><\/a><\/figure><\/li><li class=\"blocks-gallery-item\"><figure><a href=\"https:\/\/i1.wp.com\/monodes.com\/predaelli\/wp-content\/uploads\/sites\/4\/2020\/04\/foto_56.jpg?fit=510%2C383&amp;ssl=1\"><img loading=\"lazy\" decoding=\"async\" width=\"800\" height=\"600\" data-attachment-id=\"7033\" data-permalink=\"https:\/\/monodes.com\/predaelli\/2020\/04\/02\/la-prima-giornata-delle-liberta-digitali\/foto_56\/\" data-orig-file=\"https:\/\/i0.wp.com\/monodes.com\/predaelli\/wp-content\/uploads\/sites\/4\/2020\/04\/foto_56.jpg?fit=800%2C600&amp;ssl=1\" data-orig-size=\"800,600\" data-comments-opened=\"1\" data-image-meta=\"{&quot;aperture&quot;:&quot;0&quot;,&quot;credit&quot;:&quot;&quot;,&quot;camera&quot;:&quot;&quot;,&quot;caption&quot;:&quot;&quot;,&quot;created_timestamp&quot;:&quot;0&quot;,&quot;copyright&quot;:&quot;&quot;,&quot;focal_length&quot;:&quot;0&quot;,&quot;iso&quot;:&quot;0&quot;,&quot;shutter_speed&quot;:&quot;0&quot;,&quot;title&quot;:&quot;&quot;,&quot;orientation&quot;:&quot;0&quot;}\" data-image-title=\"foto_56\" data-image-description=\"\" data-image-caption=\"\" data-large-file=\"https:\/\/i0.wp.com\/monodes.com\/predaelli\/wp-content\/uploads\/sites\/4\/2020\/04\/foto_56.jpg?fit=510%2C383&amp;ssl=1\" src=\"https:\/\/i1.wp.com\/monodes.com\/predaelli\/wp-content\/uploads\/sites\/4\/2020\/04\/foto_56.jpg?fit=510%2C383&amp;ssl=1\" alt=\"\" data-id=\"7033\" data-link=\"https:\/\/monodes.com\/predaelli\/?attachment_id=7033\" class=\"wp-image-7033\" srcset=\"https:\/\/i0.wp.com\/monodes.com\/predaelli\/wp-content\/uploads\/sites\/4\/2020\/04\/foto_56.jpg?w=800&amp;ssl=1 800w, https:\/\/i0.wp.com\/monodes.com\/predaelli\/wp-content\/uploads\/sites\/4\/2020\/04\/foto_56.jpg?resize=300%2C225&amp;ssl=1 300w, https:\/\/i0.wp.com\/monodes.com\/predaelli\/wp-content\/uploads\/sites\/4\/2020\/04\/foto_56.jpg?resize=510%2C383&amp;ssl=1 510w, https:\/\/i0.wp.com\/monodes.com\/predaelli\/wp-content\/uploads\/sites\/4\/2020\/04\/foto_56.jpg?resize=768%2C576&amp;ssl=1 768w\" sizes=\"auto, (max-width: 800px) 100vw, 800px\" \/><\/a><\/figure><\/li><li class=\"blocks-gallery-item\"><figure><a href=\"https:\/\/i2.wp.com\/monodes.com\/predaelli\/wp-content\/uploads\/sites\/4\/2020\/04\/foto_59.jpg?fit=510%2C383&amp;ssl=1\"><img loading=\"lazy\" decoding=\"async\" width=\"800\" height=\"600\" data-attachment-id=\"7034\" data-permalink=\"https:\/\/monodes.com\/predaelli\/2020\/04\/02\/la-prima-giornata-delle-liberta-digitali\/foto_59\/\" data-orig-file=\"https:\/\/i0.wp.com\/monodes.com\/predaelli\/wp-content\/uploads\/sites\/4\/2020\/04\/foto_59.jpg?fit=800%2C600&amp;ssl=1\" data-orig-size=\"800,600\" data-comments-opened=\"1\" data-image-meta=\"{&quot;aperture&quot;:&quot;0&quot;,&quot;credit&quot;:&quot;&quot;,&quot;camera&quot;:&quot;&quot;,&quot;caption&quot;:&quot;&quot;,&quot;created_timestamp&quot;:&quot;0&quot;,&quot;copyright&quot;:&quot;&quot;,&quot;focal_length&quot;:&quot;0&quot;,&quot;iso&quot;:&quot;0&quot;,&quot;shutter_speed&quot;:&quot;0&quot;,&quot;title&quot;:&quot;&quot;,&quot;orientation&quot;:&quot;0&quot;}\" data-image-title=\"foto_59\" data-image-description=\"\" data-image-caption=\"\" data-large-file=\"https:\/\/i0.wp.com\/monodes.com\/predaelli\/wp-content\/uploads\/sites\/4\/2020\/04\/foto_59.jpg?fit=510%2C383&amp;ssl=1\" src=\"https:\/\/i2.wp.com\/monodes.com\/predaelli\/wp-content\/uploads\/sites\/4\/2020\/04\/foto_59.jpg?fit=510%2C383&amp;ssl=1\" alt=\"\" data-id=\"7034\" data-link=\"https:\/\/monodes.com\/predaelli\/?attachment_id=7034\" class=\"wp-image-7034\" srcset=\"https:\/\/i0.wp.com\/monodes.com\/predaelli\/wp-content\/uploads\/sites\/4\/2020\/04\/foto_59.jpg?w=800&amp;ssl=1 800w, https:\/\/i0.wp.com\/monodes.com\/predaelli\/wp-content\/uploads\/sites\/4\/2020\/04\/foto_59.jpg?resize=300%2C225&amp;ssl=1 300w, https:\/\/i0.wp.com\/monodes.com\/predaelli\/wp-content\/uploads\/sites\/4\/2020\/04\/foto_59.jpg?resize=510%2C383&amp;ssl=1 510w, https:\/\/i0.wp.com\/monodes.com\/predaelli\/wp-content\/uploads\/sites\/4\/2020\/04\/foto_59.jpg?resize=768%2C576&amp;ssl=1 768w\" sizes=\"auto, (max-width: 800px) 100vw, 800px\" \/><\/a><\/figure><\/li><li class=\"blocks-gallery-item\"><figure><a href=\"https:\/\/i0.wp.com\/monodes.com\/predaelli\/wp-content\/uploads\/sites\/4\/2020\/04\/foto_61.jpg?fit=510%2C383&amp;ssl=1\"><img loading=\"lazy\" decoding=\"async\" width=\"800\" height=\"600\" data-attachment-id=\"7035\" data-permalink=\"https:\/\/monodes.com\/predaelli\/2020\/04\/02\/la-prima-giornata-delle-liberta-digitali\/foto_61\/\" data-orig-file=\"https:\/\/i0.wp.com\/monodes.com\/predaelli\/wp-content\/uploads\/sites\/4\/2020\/04\/foto_61.jpg?fit=800%2C600&amp;ssl=1\" data-orig-size=\"800,600\" data-comments-opened=\"1\" data-image-meta=\"{&quot;aperture&quot;:&quot;0&quot;,&quot;credit&quot;:&quot;&quot;,&quot;camera&quot;:&quot;&quot;,&quot;caption&quot;:&quot;&quot;,&quot;created_timestamp&quot;:&quot;0&quot;,&quot;copyright&quot;:&quot;&quot;,&quot;focal_length&quot;:&quot;0&quot;,&quot;iso&quot;:&quot;0&quot;,&quot;shutter_speed&quot;:&quot;0&quot;,&quot;title&quot;:&quot;&quot;,&quot;orientation&quot;:&quot;0&quot;}\" data-image-title=\"foto_61\" data-image-description=\"\" data-image-caption=\"\" data-large-file=\"https:\/\/i0.wp.com\/monodes.com\/predaelli\/wp-content\/uploads\/sites\/4\/2020\/04\/foto_61.jpg?fit=510%2C383&amp;ssl=1\" src=\"https:\/\/i0.wp.com\/monodes.com\/predaelli\/wp-content\/uploads\/sites\/4\/2020\/04\/foto_61.jpg?fit=510%2C383&amp;ssl=1\" alt=\"\" data-id=\"7035\" data-link=\"https:\/\/monodes.com\/predaelli\/?attachment_id=7035\" class=\"wp-image-7035\" srcset=\"https:\/\/i0.wp.com\/monodes.com\/predaelli\/wp-content\/uploads\/sites\/4\/2020\/04\/foto_61.jpg?w=800&amp;ssl=1 800w, https:\/\/i0.wp.com\/monodes.com\/predaelli\/wp-content\/uploads\/sites\/4\/2020\/04\/foto_61.jpg?resize=300%2C225&amp;ssl=1 300w, https:\/\/i0.wp.com\/monodes.com\/predaelli\/wp-content\/uploads\/sites\/4\/2020\/04\/foto_61.jpg?resize=510%2C383&amp;ssl=1 510w, https:\/\/i0.wp.com\/monodes.com\/predaelli\/wp-content\/uploads\/sites\/4\/2020\/04\/foto_61.jpg?resize=768%2C576&amp;ssl=1 768w\" sizes=\"auto, (max-width: 800px) 100vw, 800px\" \/><\/a><\/figure><\/li><li class=\"blocks-gallery-item\"><figure><a href=\"https:\/\/i1.wp.com\/monodes.com\/predaelli\/wp-content\/uploads\/sites\/4\/2020\/04\/foto_65.jpg?fit=510%2C383&amp;ssl=1\"><img loading=\"lazy\" decoding=\"async\" width=\"800\" height=\"600\" data-attachment-id=\"7036\" data-permalink=\"https:\/\/monodes.com\/predaelli\/2020\/04\/02\/la-prima-giornata-delle-liberta-digitali\/foto_65\/\" data-orig-file=\"https:\/\/i0.wp.com\/monodes.com\/predaelli\/wp-content\/uploads\/sites\/4\/2020\/04\/foto_65.jpg?fit=800%2C600&amp;ssl=1\" data-orig-size=\"800,600\" data-comments-opened=\"1\" data-image-meta=\"{&quot;aperture&quot;:&quot;0&quot;,&quot;credit&quot;:&quot;&quot;,&quot;camera&quot;:&quot;&quot;,&quot;caption&quot;:&quot;&quot;,&quot;created_timestamp&quot;:&quot;0&quot;,&quot;copyright&quot;:&quot;&quot;,&quot;focal_length&quot;:&quot;0&quot;,&quot;iso&quot;:&quot;0&quot;,&quot;shutter_speed&quot;:&quot;0&quot;,&quot;title&quot;:&quot;&quot;,&quot;orientation&quot;:&quot;0&quot;}\" data-image-title=\"foto_65\" data-image-description=\"\" data-image-caption=\"\" data-large-file=\"https:\/\/i0.wp.com\/monodes.com\/predaelli\/wp-content\/uploads\/sites\/4\/2020\/04\/foto_65.jpg?fit=510%2C383&amp;ssl=1\" src=\"https:\/\/i1.wp.com\/monodes.com\/predaelli\/wp-content\/uploads\/sites\/4\/2020\/04\/foto_65.jpg?fit=510%2C383&amp;ssl=1\" alt=\"\" data-id=\"7036\" data-link=\"https:\/\/monodes.com\/predaelli\/?attachment_id=7036\" class=\"wp-image-7036\" srcset=\"https:\/\/i0.wp.com\/monodes.com\/predaelli\/wp-content\/uploads\/sites\/4\/2020\/04\/foto_65.jpg?w=800&amp;ssl=1 800w, https:\/\/i0.wp.com\/monodes.com\/predaelli\/wp-content\/uploads\/sites\/4\/2020\/04\/foto_65.jpg?resize=300%2C225&amp;ssl=1 300w, https:\/\/i0.wp.com\/monodes.com\/predaelli\/wp-content\/uploads\/sites\/4\/2020\/04\/foto_65.jpg?resize=510%2C383&amp;ssl=1 510w, https:\/\/i0.wp.com\/monodes.com\/predaelli\/wp-content\/uploads\/sites\/4\/2020\/04\/foto_65.jpg?resize=768%2C576&amp;ssl=1 768w\" sizes=\"auto, (max-width: 800px) 100vw, 800px\" \/><\/a><\/figure><\/li><li class=\"blocks-gallery-item\"><figure><a href=\"https:\/\/i0.wp.com\/monodes.com\/predaelli\/wp-content\/uploads\/sites\/4\/2020\/04\/foto_0004.jpg?fit=510%2C383&amp;ssl=1\"><img loading=\"lazy\" decoding=\"async\" width=\"800\" height=\"600\" data-attachment-id=\"7037\" data-permalink=\"https:\/\/monodes.com\/predaelli\/2020\/04\/02\/la-prima-giornata-delle-liberta-digitali\/foto_0004\/\" data-orig-file=\"https:\/\/i0.wp.com\/monodes.com\/predaelli\/wp-content\/uploads\/sites\/4\/2020\/04\/foto_0004.jpg?fit=800%2C600&amp;ssl=1\" data-orig-size=\"800,600\" data-comments-opened=\"1\" data-image-meta=\"{&quot;aperture&quot;:&quot;2.8&quot;,&quot;credit&quot;:&quot;&quot;,&quot;camera&quot;:&quot;Canon DIGITAL IXUS v&quot;,&quot;caption&quot;:&quot;&quot;,&quot;created_timestamp&quot;:&quot;1021016390&quot;,&quot;copyright&quot;:&quot;&quot;,&quot;focal_length&quot;:&quot;5.40625&quot;,&quot;iso&quot;:&quot;0&quot;,&quot;shutter_speed&quot;:&quot;0.0125&quot;,&quot;title&quot;:&quot;&quot;,&quot;orientation&quot;:&quot;1&quot;}\" data-image-title=\"foto_0004\" data-image-description=\"\" data-image-caption=\"\" data-large-file=\"https:\/\/i0.wp.com\/monodes.com\/predaelli\/wp-content\/uploads\/sites\/4\/2020\/04\/foto_0004.jpg?fit=510%2C383&amp;ssl=1\" src=\"https:\/\/i0.wp.com\/monodes.com\/predaelli\/wp-content\/uploads\/sites\/4\/2020\/04\/foto_0004.jpg?fit=510%2C383&amp;ssl=1\" alt=\"\" data-id=\"7037\" data-link=\"https:\/\/monodes.com\/predaelli\/?attachment_id=7037\" class=\"wp-image-7037\" srcset=\"https:\/\/i0.wp.com\/monodes.com\/predaelli\/wp-content\/uploads\/sites\/4\/2020\/04\/foto_0004.jpg?w=800&amp;ssl=1 800w, https:\/\/i0.wp.com\/monodes.com\/predaelli\/wp-content\/uploads\/sites\/4\/2020\/04\/foto_0004.jpg?resize=300%2C225&amp;ssl=1 300w, https:\/\/i0.wp.com\/monodes.com\/predaelli\/wp-content\/uploads\/sites\/4\/2020\/04\/foto_0004.jpg?resize=510%2C383&amp;ssl=1 510w, https:\/\/i0.wp.com\/monodes.com\/predaelli\/wp-content\/uploads\/sites\/4\/2020\/04\/foto_0004.jpg?resize=768%2C576&amp;ssl=1 768w\" sizes=\"auto, (max-width: 800px) 100vw, 800px\" \/><\/a><\/figure><\/li><li class=\"blocks-gallery-item\"><figure><a href=\"https:\/\/i2.wp.com\/monodes.com\/predaelli\/wp-content\/uploads\/sites\/4\/2020\/04\/foto_0006.jpg?fit=510%2C383&amp;ssl=1\"><img loading=\"lazy\" decoding=\"async\" width=\"800\" height=\"600\" data-attachment-id=\"7038\" data-permalink=\"https:\/\/monodes.com\/predaelli\/2020\/04\/02\/la-prima-giornata-delle-liberta-digitali\/foto_0006\/\" data-orig-file=\"https:\/\/i0.wp.com\/monodes.com\/predaelli\/wp-content\/uploads\/sites\/4\/2020\/04\/foto_0006.jpg?fit=800%2C600&amp;ssl=1\" data-orig-size=\"800,600\" data-comments-opened=\"1\" data-image-meta=\"{&quot;aperture&quot;:&quot;2.8&quot;,&quot;credit&quot;:&quot;&quot;,&quot;camera&quot;:&quot;Canon DIGITAL IXUS v&quot;,&quot;caption&quot;:&quot;&quot;,&quot;created_timestamp&quot;:&quot;1021023378&quot;,&quot;copyright&quot;:&quot;&quot;,&quot;focal_length&quot;:&quot;5.40625&quot;,&quot;iso&quot;:&quot;0&quot;,&quot;shutter_speed&quot;:&quot;0.1&quot;,&quot;title&quot;:&quot;&quot;,&quot;orientation&quot;:&quot;1&quot;}\" data-image-title=\"foto_0006\" data-image-description=\"\" data-image-caption=\"\" data-large-file=\"https:\/\/i0.wp.com\/monodes.com\/predaelli\/wp-content\/uploads\/sites\/4\/2020\/04\/foto_0006.jpg?fit=510%2C383&amp;ssl=1\" src=\"https:\/\/i2.wp.com\/monodes.com\/predaelli\/wp-content\/uploads\/sites\/4\/2020\/04\/foto_0006.jpg?fit=510%2C383&amp;ssl=1\" alt=\"\" data-id=\"7038\" data-link=\"https:\/\/monodes.com\/predaelli\/?attachment_id=7038\" class=\"wp-image-7038\" srcset=\"https:\/\/i0.wp.com\/monodes.com\/predaelli\/wp-content\/uploads\/sites\/4\/2020\/04\/foto_0006.jpg?w=800&amp;ssl=1 800w, https:\/\/i0.wp.com\/monodes.com\/predaelli\/wp-content\/uploads\/sites\/4\/2020\/04\/foto_0006.jpg?resize=300%2C225&amp;ssl=1 300w, https:\/\/i0.wp.com\/monodes.com\/predaelli\/wp-content\/uploads\/sites\/4\/2020\/04\/foto_0006.jpg?resize=510%2C383&amp;ssl=1 510w, https:\/\/i0.wp.com\/monodes.com\/predaelli\/wp-content\/uploads\/sites\/4\/2020\/04\/foto_0006.jpg?resize=768%2C576&amp;ssl=1 768w\" sizes=\"auto, (max-width: 800px) 100vw, 800px\" \/><\/a><\/figure><\/li><li class=\"blocks-gallery-item\"><figure><a href=\"https:\/\/i0.wp.com\/monodes.com\/predaelli\/wp-content\/uploads\/sites\/4\/2020\/04\/foto_0015.jpg?fit=510%2C383&amp;ssl=1\"><img loading=\"lazy\" decoding=\"async\" width=\"800\" height=\"600\" data-attachment-id=\"7039\" data-permalink=\"https:\/\/monodes.com\/predaelli\/2020\/04\/02\/la-prima-giornata-delle-liberta-digitali\/foto_0015\/\" data-orig-file=\"https:\/\/i0.wp.com\/monodes.com\/predaelli\/wp-content\/uploads\/sites\/4\/2020\/04\/foto_0015.jpg?fit=800%2C600&amp;ssl=1\" data-orig-size=\"800,600\" data-comments-opened=\"1\" data-image-meta=\"{&quot;aperture&quot;:&quot;3.2&quot;,&quot;credit&quot;:&quot;&quot;,&quot;camera&quot;:&quot;Canon DIGITAL IXUS v&quot;,&quot;caption&quot;:&quot;&quot;,&quot;created_timestamp&quot;:&quot;1021036041&quot;,&quot;copyright&quot;:&quot;&quot;,&quot;focal_length&quot;:&quot;6.71875&quot;,&quot;iso&quot;:&quot;0&quot;,&quot;shutter_speed&quot;:&quot;0.0125&quot;,&quot;title&quot;:&quot;&quot;,&quot;orientation&quot;:&quot;1&quot;}\" data-image-title=\"foto_0015\" data-image-description=\"\" data-image-caption=\"\" data-large-file=\"https:\/\/i0.wp.com\/monodes.com\/predaelli\/wp-content\/uploads\/sites\/4\/2020\/04\/foto_0015.jpg?fit=510%2C383&amp;ssl=1\" src=\"https:\/\/i0.wp.com\/monodes.com\/predaelli\/wp-content\/uploads\/sites\/4\/2020\/04\/foto_0015.jpg?fit=510%2C383&amp;ssl=1\" alt=\"\" data-id=\"7039\" data-link=\"https:\/\/monodes.com\/predaelli\/?attachment_id=7039\" class=\"wp-image-7039\" srcset=\"https:\/\/i0.wp.com\/monodes.com\/predaelli\/wp-content\/uploads\/sites\/4\/2020\/04\/foto_0015.jpg?w=800&amp;ssl=1 800w, https:\/\/i0.wp.com\/monodes.com\/predaelli\/wp-content\/uploads\/sites\/4\/2020\/04\/foto_0015.jpg?resize=300%2C225&amp;ssl=1 300w, https:\/\/i0.wp.com\/monodes.com\/predaelli\/wp-content\/uploads\/sites\/4\/2020\/04\/foto_0015.jpg?resize=510%2C383&amp;ssl=1 510w, https:\/\/i0.wp.com\/monodes.com\/predaelli\/wp-content\/uploads\/sites\/4\/2020\/04\/foto_0015.jpg?resize=768%2C576&amp;ssl=1 768w\" sizes=\"auto, (max-width: 800px) 100vw, 800px\" \/><\/a><\/figure><\/li><li class=\"blocks-gallery-item\"><figure><a href=\"https:\/\/i1.wp.com\/monodes.com\/predaelli\/wp-content\/uploads\/sites\/4\/2020\/04\/foto_0016.jpg?fit=510%2C383&amp;ssl=1\"><img loading=\"lazy\" decoding=\"async\" width=\"800\" height=\"600\" data-attachment-id=\"7040\" data-permalink=\"https:\/\/monodes.com\/predaelli\/2020\/04\/02\/la-prima-giornata-delle-liberta-digitali\/foto_0016\/\" data-orig-file=\"https:\/\/i0.wp.com\/monodes.com\/predaelli\/wp-content\/uploads\/sites\/4\/2020\/04\/foto_0016.jpg?fit=800%2C600&amp;ssl=1\" data-orig-size=\"800,600\" data-comments-opened=\"1\" data-image-meta=\"{&quot;aperture&quot;:&quot;2.8&quot;,&quot;credit&quot;:&quot;&quot;,&quot;camera&quot;:&quot;Canon DIGITAL IXUS v&quot;,&quot;caption&quot;:&quot;&quot;,&quot;created_timestamp&quot;:&quot;1021036101&quot;,&quot;copyright&quot;:&quot;&quot;,&quot;focal_length&quot;:&quot;5.40625&quot;,&quot;iso&quot;:&quot;0&quot;,&quot;shutter_speed&quot;:&quot;0.016666666666667&quot;,&quot;title&quot;:&quot;&quot;,&quot;orientation&quot;:&quot;1&quot;}\" data-image-title=\"foto_0016\" data-image-description=\"\" data-image-caption=\"\" data-large-file=\"https:\/\/i0.wp.com\/monodes.com\/predaelli\/wp-content\/uploads\/sites\/4\/2020\/04\/foto_0016.jpg?fit=510%2C383&amp;ssl=1\" src=\"https:\/\/i1.wp.com\/monodes.com\/predaelli\/wp-content\/uploads\/sites\/4\/2020\/04\/foto_0016.jpg?fit=510%2C383&amp;ssl=1\" alt=\"\" data-id=\"7040\" data-link=\"https:\/\/monodes.com\/predaelli\/?attachment_id=7040\" class=\"wp-image-7040\" srcset=\"https:\/\/i0.wp.com\/monodes.com\/predaelli\/wp-content\/uploads\/sites\/4\/2020\/04\/foto_0016.jpg?w=800&amp;ssl=1 800w, https:\/\/i0.wp.com\/monodes.com\/predaelli\/wp-content\/uploads\/sites\/4\/2020\/04\/foto_0016.jpg?resize=300%2C225&amp;ssl=1 300w, https:\/\/i0.wp.com\/monodes.com\/predaelli\/wp-content\/uploads\/sites\/4\/2020\/04\/foto_0016.jpg?resize=510%2C383&amp;ssl=1 510w, https:\/\/i0.wp.com\/monodes.com\/predaelli\/wp-content\/uploads\/sites\/4\/2020\/04\/foto_0016.jpg?resize=768%2C576&amp;ssl=1 768w\" sizes=\"auto, (max-width: 800px) 100vw, 800px\" \/><\/a><figcaption class=\"blocks-gallery-item__caption\">Uno dei &#8220;mitici&#8221; fondatori<\/figcaption><\/figure><\/li><li class=\"blocks-gallery-item\"><figure><a href=\"https:\/\/i2.wp.com\/monodes.com\/predaelli\/wp-content\/uploads\/sites\/4\/2020\/04\/foto_0018.jpg?fit=510%2C383&amp;ssl=1\"><img loading=\"lazy\" decoding=\"async\" width=\"800\" height=\"600\" data-attachment-id=\"7041\" data-permalink=\"https:\/\/monodes.com\/predaelli\/2020\/04\/02\/la-prima-giornata-delle-liberta-digitali\/foto_0018\/\" data-orig-file=\"https:\/\/i0.wp.com\/monodes.com\/predaelli\/wp-content\/uploads\/sites\/4\/2020\/04\/foto_0018.jpg?fit=800%2C600&amp;ssl=1\" data-orig-size=\"800,600\" data-comments-opened=\"1\" data-image-meta=\"{&quot;aperture&quot;:&quot;3.5&quot;,&quot;credit&quot;:&quot;&quot;,&quot;camera&quot;:&quot;Canon DIGITAL IXUS v&quot;,&quot;caption&quot;:&quot;&quot;,&quot;created_timestamp&quot;:&quot;1021036208&quot;,&quot;copyright&quot;:&quot;&quot;,&quot;focal_length&quot;:&quot;9.28125&quot;,&quot;iso&quot;:&quot;0&quot;,&quot;shutter_speed&quot;:&quot;0.008&quot;,&quot;title&quot;:&quot;&quot;,&quot;orientation&quot;:&quot;1&quot;}\" data-image-title=\"foto_0018\" data-image-description=\"\" data-image-caption=\"\" data-large-file=\"https:\/\/i0.wp.com\/monodes.com\/predaelli\/wp-content\/uploads\/sites\/4\/2020\/04\/foto_0018.jpg?fit=510%2C383&amp;ssl=1\" src=\"https:\/\/i2.wp.com\/monodes.com\/predaelli\/wp-content\/uploads\/sites\/4\/2020\/04\/foto_0018.jpg?fit=510%2C383&amp;ssl=1\" alt=\"\" data-id=\"7041\" data-link=\"https:\/\/monodes.com\/predaelli\/?attachment_id=7041\" class=\"wp-image-7041\" srcset=\"https:\/\/i0.wp.com\/monodes.com\/predaelli\/wp-content\/uploads\/sites\/4\/2020\/04\/foto_0018.jpg?w=800&amp;ssl=1 800w, https:\/\/i0.wp.com\/monodes.com\/predaelli\/wp-content\/uploads\/sites\/4\/2020\/04\/foto_0018.jpg?resize=300%2C225&amp;ssl=1 300w, https:\/\/i0.wp.com\/monodes.com\/predaelli\/wp-content\/uploads\/sites\/4\/2020\/04\/foto_0018.jpg?resize=510%2C383&amp;ssl=1 510w, https:\/\/i0.wp.com\/monodes.com\/predaelli\/wp-content\/uploads\/sites\/4\/2020\/04\/foto_0018.jpg?resize=768%2C576&amp;ssl=1 768w\" sizes=\"auto, (max-width: 800px) 100vw, 800px\" \/><\/a><\/figure><\/li><li class=\"blocks-gallery-item\"><figure><a href=\"https:\/\/i2.wp.com\/monodes.com\/predaelli\/wp-content\/uploads\/sites\/4\/2020\/04\/foto_0019.jpg?fit=510%2C383&amp;ssl=1\"><img loading=\"lazy\" decoding=\"async\" width=\"800\" height=\"600\" data-attachment-id=\"7042\" data-permalink=\"https:\/\/monodes.com\/predaelli\/2020\/04\/02\/la-prima-giornata-delle-liberta-digitali\/foto_0019\/\" data-orig-file=\"https:\/\/i0.wp.com\/monodes.com\/predaelli\/wp-content\/uploads\/sites\/4\/2020\/04\/foto_0019.jpg?fit=800%2C600&amp;ssl=1\" data-orig-size=\"800,600\" data-comments-opened=\"1\" data-image-meta=\"{&quot;aperture&quot;:&quot;3.5&quot;,&quot;credit&quot;:&quot;&quot;,&quot;camera&quot;:&quot;Canon DIGITAL IXUS v&quot;,&quot;caption&quot;:&quot;&quot;,&quot;created_timestamp&quot;:&quot;1021036217&quot;,&quot;copyright&quot;:&quot;&quot;,&quot;focal_length&quot;:&quot;9.28125&quot;,&quot;iso&quot;:&quot;0&quot;,&quot;shutter_speed&quot;:&quot;0.008&quot;,&quot;title&quot;:&quot;&quot;,&quot;orientation&quot;:&quot;1&quot;}\" data-image-title=\"foto_0019\" data-image-description=\"\" data-image-caption=\"\" data-large-file=\"https:\/\/i0.wp.com\/monodes.com\/predaelli\/wp-content\/uploads\/sites\/4\/2020\/04\/foto_0019.jpg?fit=510%2C383&amp;ssl=1\" src=\"https:\/\/i2.wp.com\/monodes.com\/predaelli\/wp-content\/uploads\/sites\/4\/2020\/04\/foto_0019.jpg?fit=510%2C383&amp;ssl=1\" alt=\"\" data-id=\"7042\" data-link=\"https:\/\/monodes.com\/predaelli\/?attachment_id=7042\" class=\"wp-image-7042\" srcset=\"https:\/\/i0.wp.com\/monodes.com\/predaelli\/wp-content\/uploads\/sites\/4\/2020\/04\/foto_0019.jpg?w=800&amp;ssl=1 800w, https:\/\/i0.wp.com\/monodes.com\/predaelli\/wp-content\/uploads\/sites\/4\/2020\/04\/foto_0019.jpg?resize=300%2C225&amp;ssl=1 300w, https:\/\/i0.wp.com\/monodes.com\/predaelli\/wp-content\/uploads\/sites\/4\/2020\/04\/foto_0019.jpg?resize=510%2C383&amp;ssl=1 510w, https:\/\/i0.wp.com\/monodes.com\/predaelli\/wp-content\/uploads\/sites\/4\/2020\/04\/foto_0019.jpg?resize=768%2C576&amp;ssl=1 768w\" sizes=\"auto, (max-width: 800px) 100vw, 800px\" \/><\/a><\/figure><\/li><li class=\"blocks-gallery-item\"><figure><a href=\"https:\/\/i1.wp.com\/monodes.com\/predaelli\/wp-content\/uploads\/sites\/4\/2020\/04\/foto_0021.jpg?fit=510%2C383&amp;ssl=1\"><img loading=\"lazy\" decoding=\"async\" width=\"800\" height=\"600\" data-attachment-id=\"7043\" data-permalink=\"https:\/\/monodes.com\/predaelli\/2020\/04\/02\/la-prima-giornata-delle-liberta-digitali\/foto_0021\/\" data-orig-file=\"https:\/\/i0.wp.com\/monodes.com\/predaelli\/wp-content\/uploads\/sites\/4\/2020\/04\/foto_0021.jpg?fit=800%2C600&amp;ssl=1\" data-orig-size=\"800,600\" data-comments-opened=\"1\" data-image-meta=\"{&quot;aperture&quot;:&quot;2.8&quot;,&quot;credit&quot;:&quot;&quot;,&quot;camera&quot;:&quot;Canon DIGITAL IXUS v&quot;,&quot;caption&quot;:&quot;&quot;,&quot;created_timestamp&quot;:&quot;1021036308&quot;,&quot;copyright&quot;:&quot;&quot;,&quot;focal_length&quot;:&quot;5.40625&quot;,&quot;iso&quot;:&quot;0&quot;,&quot;shutter_speed&quot;:&quot;0.016666666666667&quot;,&quot;title&quot;:&quot;&quot;,&quot;orientation&quot;:&quot;1&quot;}\" data-image-title=\"foto_0021\" data-image-description=\"\" data-image-caption=\"\" data-large-file=\"https:\/\/i0.wp.com\/monodes.com\/predaelli\/wp-content\/uploads\/sites\/4\/2020\/04\/foto_0021.jpg?fit=510%2C383&amp;ssl=1\" src=\"https:\/\/i1.wp.com\/monodes.com\/predaelli\/wp-content\/uploads\/sites\/4\/2020\/04\/foto_0021.jpg?fit=510%2C383&amp;ssl=1\" alt=\"\" data-id=\"7043\" data-link=\"https:\/\/monodes.com\/predaelli\/?attachment_id=7043\" class=\"wp-image-7043\" srcset=\"https:\/\/i0.wp.com\/monodes.com\/predaelli\/wp-content\/uploads\/sites\/4\/2020\/04\/foto_0021.jpg?w=800&amp;ssl=1 800w, https:\/\/i0.wp.com\/monodes.com\/predaelli\/wp-content\/uploads\/sites\/4\/2020\/04\/foto_0021.jpg?resize=300%2C225&amp;ssl=1 300w, https:\/\/i0.wp.com\/monodes.com\/predaelli\/wp-content\/uploads\/sites\/4\/2020\/04\/foto_0021.jpg?resize=510%2C383&amp;ssl=1 510w, https:\/\/i0.wp.com\/monodes.com\/predaelli\/wp-content\/uploads\/sites\/4\/2020\/04\/foto_0021.jpg?resize=768%2C576&amp;ssl=1 768w\" sizes=\"auto, (max-width: 800px) 100vw, 800px\" \/><\/a><\/figure><\/li><li class=\"blocks-gallery-item\"><figure><a href=\"https:\/\/i2.wp.com\/monodes.com\/predaelli\/wp-content\/uploads\/sites\/4\/2020\/04\/foto_0027.jpg?fit=510%2C383&amp;ssl=1\"><img loading=\"lazy\" decoding=\"async\" width=\"800\" height=\"600\" data-attachment-id=\"7044\" data-permalink=\"https:\/\/monodes.com\/predaelli\/2020\/04\/02\/la-prima-giornata-delle-liberta-digitali\/foto_0027\/\" data-orig-file=\"https:\/\/i0.wp.com\/monodes.com\/predaelli\/wp-content\/uploads\/sites\/4\/2020\/04\/foto_0027.jpg?fit=800%2C600&amp;ssl=1\" data-orig-size=\"800,600\" data-comments-opened=\"1\" data-image-meta=\"{&quot;aperture&quot;:&quot;4&quot;,&quot;credit&quot;:&quot;&quot;,&quot;camera&quot;:&quot;Canon DIGITAL IXUS v&quot;,&quot;caption&quot;:&quot;&quot;,&quot;created_timestamp&quot;:&quot;1021036914&quot;,&quot;copyright&quot;:&quot;&quot;,&quot;focal_length&quot;:&quot;10.8125&quot;,&quot;iso&quot;:&quot;0&quot;,&quot;shutter_speed&quot;:&quot;0.125&quot;,&quot;title&quot;:&quot;&quot;,&quot;orientation&quot;:&quot;1&quot;}\" data-image-title=\"foto_0027\" data-image-description=\"\" data-image-caption=\"\" data-large-file=\"https:\/\/i0.wp.com\/monodes.com\/predaelli\/wp-content\/uploads\/sites\/4\/2020\/04\/foto_0027.jpg?fit=510%2C383&amp;ssl=1\" src=\"https:\/\/i2.wp.com\/monodes.com\/predaelli\/wp-content\/uploads\/sites\/4\/2020\/04\/foto_0027.jpg?fit=510%2C383&amp;ssl=1\" alt=\"\" data-id=\"7044\" data-link=\"https:\/\/monodes.com\/predaelli\/?attachment_id=7044\" class=\"wp-image-7044\" srcset=\"https:\/\/i0.wp.com\/monodes.com\/predaelli\/wp-content\/uploads\/sites\/4\/2020\/04\/foto_0027.jpg?w=800&amp;ssl=1 800w, https:\/\/i0.wp.com\/monodes.com\/predaelli\/wp-content\/uploads\/sites\/4\/2020\/04\/foto_0027.jpg?resize=300%2C225&amp;ssl=1 300w, https:\/\/i0.wp.com\/monodes.com\/predaelli\/wp-content\/uploads\/sites\/4\/2020\/04\/foto_0027.jpg?resize=510%2C383&amp;ssl=1 510w, https:\/\/i0.wp.com\/monodes.com\/predaelli\/wp-content\/uploads\/sites\/4\/2020\/04\/foto_0027.jpg?resize=768%2C576&amp;ssl=1 768w\" sizes=\"auto, (max-width: 800px) 100vw, 800px\" \/><\/a><figcaption class=\"blocks-gallery-item__caption\">Alessandro Rubini<\/figcaption><\/figure><\/li><li class=\"blocks-gallery-item\"><figure><a href=\"https:\/\/i1.wp.com\/monodes.com\/predaelli\/wp-content\/uploads\/sites\/4\/2020\/04\/foto_0034.jpg?fit=510%2C383&amp;ssl=1\"><img loading=\"lazy\" decoding=\"async\" width=\"800\" height=\"600\" data-attachment-id=\"7045\" data-permalink=\"https:\/\/monodes.com\/predaelli\/2020\/04\/02\/la-prima-giornata-delle-liberta-digitali\/foto_0034\/\" data-orig-file=\"https:\/\/i0.wp.com\/monodes.com\/predaelli\/wp-content\/uploads\/sites\/4\/2020\/04\/foto_0034.jpg?fit=800%2C600&amp;ssl=1\" data-orig-size=\"800,600\" data-comments-opened=\"1\" data-image-meta=\"{&quot;aperture&quot;:&quot;4&quot;,&quot;credit&quot;:&quot;&quot;,&quot;camera&quot;:&quot;Canon DIGITAL IXUS v&quot;,&quot;caption&quot;:&quot;&quot;,&quot;created_timestamp&quot;:&quot;1021038160&quot;,&quot;copyright&quot;:&quot;&quot;,&quot;focal_length&quot;:&quot;10.8125&quot;,&quot;iso&quot;:&quot;0&quot;,&quot;shutter_speed&quot;:&quot;0.125&quot;,&quot;title&quot;:&quot;&quot;,&quot;orientation&quot;:&quot;1&quot;}\" data-image-title=\"foto_0034\" data-image-description=\"\" data-image-caption=\"\" data-large-file=\"https:\/\/i0.wp.com\/monodes.com\/predaelli\/wp-content\/uploads\/sites\/4\/2020\/04\/foto_0034.jpg?fit=510%2C383&amp;ssl=1\" src=\"https:\/\/i1.wp.com\/monodes.com\/predaelli\/wp-content\/uploads\/sites\/4\/2020\/04\/foto_0034.jpg?fit=510%2C383&amp;ssl=1\" alt=\"\" data-id=\"7045\" data-link=\"https:\/\/monodes.com\/predaelli\/?attachment_id=7045\" class=\"wp-image-7045\" srcset=\"https:\/\/i0.wp.com\/monodes.com\/predaelli\/wp-content\/uploads\/sites\/4\/2020\/04\/foto_0034.jpg?w=800&amp;ssl=1 800w, https:\/\/i0.wp.com\/monodes.com\/predaelli\/wp-content\/uploads\/sites\/4\/2020\/04\/foto_0034.jpg?resize=300%2C225&amp;ssl=1 300w, https:\/\/i0.wp.com\/monodes.com\/predaelli\/wp-content\/uploads\/sites\/4\/2020\/04\/foto_0034.jpg?resize=510%2C383&amp;ssl=1 510w, https:\/\/i0.wp.com\/monodes.com\/predaelli\/wp-content\/uploads\/sites\/4\/2020\/04\/foto_0034.jpg?resize=768%2C576&amp;ssl=1 768w\" sizes=\"auto, (max-width: 800px) 100vw, 800px\" \/><\/a><\/figure><\/li><li class=\"blocks-gallery-item\"><figure><a href=\"https:\/\/i2.wp.com\/monodes.com\/predaelli\/wp-content\/uploads\/sites\/4\/2020\/04\/foto_0035.jpg?fit=510%2C383&amp;ssl=1\"><img loading=\"lazy\" decoding=\"async\" width=\"800\" height=\"600\" data-attachment-id=\"7046\" data-permalink=\"https:\/\/monodes.com\/predaelli\/2020\/04\/02\/la-prima-giornata-delle-liberta-digitali\/foto_0035\/\" data-orig-file=\"https:\/\/i0.wp.com\/monodes.com\/predaelli\/wp-content\/uploads\/sites\/4\/2020\/04\/foto_0035.jpg?fit=800%2C600&amp;ssl=1\" data-orig-size=\"800,600\" data-comments-opened=\"1\" data-image-meta=\"{&quot;aperture&quot;:&quot;4&quot;,&quot;credit&quot;:&quot;&quot;,&quot;camera&quot;:&quot;Canon DIGITAL IXUS v&quot;,&quot;caption&quot;:&quot;&quot;,&quot;created_timestamp&quot;:&quot;1021038550&quot;,&quot;copyright&quot;:&quot;&quot;,&quot;focal_length&quot;:&quot;10.8125&quot;,&quot;iso&quot;:&quot;0&quot;,&quot;shutter_speed&quot;:&quot;0.125&quot;,&quot;title&quot;:&quot;&quot;,&quot;orientation&quot;:&quot;1&quot;}\" data-image-title=\"foto_0035\" data-image-description=\"\" data-image-caption=\"\" data-large-file=\"https:\/\/i0.wp.com\/monodes.com\/predaelli\/wp-content\/uploads\/sites\/4\/2020\/04\/foto_0035.jpg?fit=510%2C383&amp;ssl=1\" src=\"https:\/\/i2.wp.com\/monodes.com\/predaelli\/wp-content\/uploads\/sites\/4\/2020\/04\/foto_0035.jpg?fit=510%2C383&amp;ssl=1\" alt=\"\" data-id=\"7046\" data-link=\"https:\/\/monodes.com\/predaelli\/?attachment_id=7046\" class=\"wp-image-7046\" srcset=\"https:\/\/i0.wp.com\/monodes.com\/predaelli\/wp-content\/uploads\/sites\/4\/2020\/04\/foto_0035.jpg?w=800&amp;ssl=1 800w, https:\/\/i0.wp.com\/monodes.com\/predaelli\/wp-content\/uploads\/sites\/4\/2020\/04\/foto_0035.jpg?resize=300%2C225&amp;ssl=1 300w, https:\/\/i0.wp.com\/monodes.com\/predaelli\/wp-content\/uploads\/sites\/4\/2020\/04\/foto_0035.jpg?resize=510%2C383&amp;ssl=1 510w, https:\/\/i0.wp.com\/monodes.com\/predaelli\/wp-content\/uploads\/sites\/4\/2020\/04\/foto_0035.jpg?resize=768%2C576&amp;ssl=1 768w\" sizes=\"auto, (max-width: 800px) 100vw, 800px\" \/><\/a><\/figure><\/li><li class=\"blocks-gallery-item\"><figure><a href=\"https:\/\/i0.wp.com\/monodes.com\/predaelli\/wp-content\/uploads\/sites\/4\/2020\/04\/foto_0036.jpg?fit=510%2C383&amp;ssl=1\"><img loading=\"lazy\" decoding=\"async\" width=\"800\" height=\"600\" data-attachment-id=\"7047\" data-permalink=\"https:\/\/monodes.com\/predaelli\/2020\/04\/02\/la-prima-giornata-delle-liberta-digitali\/foto_0036\/\" data-orig-file=\"https:\/\/i0.wp.com\/monodes.com\/predaelli\/wp-content\/uploads\/sites\/4\/2020\/04\/foto_0036.jpg?fit=800%2C600&amp;ssl=1\" data-orig-size=\"800,600\" data-comments-opened=\"1\" data-image-meta=\"{&quot;aperture&quot;:&quot;2.8&quot;,&quot;credit&quot;:&quot;&quot;,&quot;camera&quot;:&quot;Canon DIGITAL IXUS v&quot;,&quot;caption&quot;:&quot;&quot;,&quot;created_timestamp&quot;:&quot;1021040055&quot;,&quot;copyright&quot;:&quot;&quot;,&quot;focal_length&quot;:&quot;5.40625&quot;,&quot;iso&quot;:&quot;0&quot;,&quot;shutter_speed&quot;:&quot;0.1&quot;,&quot;title&quot;:&quot;&quot;,&quot;orientation&quot;:&quot;1&quot;}\" data-image-title=\"foto_0036\" data-image-description=\"\" data-image-caption=\"\" data-large-file=\"https:\/\/i0.wp.com\/monodes.com\/predaelli\/wp-content\/uploads\/sites\/4\/2020\/04\/foto_0036.jpg?fit=510%2C383&amp;ssl=1\" src=\"https:\/\/i0.wp.com\/monodes.com\/predaelli\/wp-content\/uploads\/sites\/4\/2020\/04\/foto_0036.jpg?fit=510%2C383&amp;ssl=1\" alt=\"\" data-id=\"7047\" data-link=\"https:\/\/monodes.com\/predaelli\/?attachment_id=7047\" class=\"wp-image-7047\" srcset=\"https:\/\/i0.wp.com\/monodes.com\/predaelli\/wp-content\/uploads\/sites\/4\/2020\/04\/foto_0036.jpg?w=800&amp;ssl=1 800w, https:\/\/i0.wp.com\/monodes.com\/predaelli\/wp-content\/uploads\/sites\/4\/2020\/04\/foto_0036.jpg?resize=300%2C225&amp;ssl=1 300w, https:\/\/i0.wp.com\/monodes.com\/predaelli\/wp-content\/uploads\/sites\/4\/2020\/04\/foto_0036.jpg?resize=510%2C383&amp;ssl=1 510w, https:\/\/i0.wp.com\/monodes.com\/predaelli\/wp-content\/uploads\/sites\/4\/2020\/04\/foto_0036.jpg?resize=768%2C576&amp;ssl=1 768w\" sizes=\"auto, (max-width: 800px) 100vw, 800px\" \/><\/a><figcaption class=\"blocks-gallery-item__caption\">Simo Sorce<\/figcaption><\/figure><\/li><li class=\"blocks-gallery-item\"><figure><a href=\"https:\/\/i2.wp.com\/monodes.com\/predaelli\/wp-content\/uploads\/sites\/4\/2020\/04\/foto_0040.jpg?fit=510%2C383&amp;ssl=1\"><img loading=\"lazy\" decoding=\"async\" width=\"800\" height=\"600\" data-attachment-id=\"7048\" data-permalink=\"https:\/\/monodes.com\/predaelli\/2020\/04\/02\/la-prima-giornata-delle-liberta-digitali\/foto_0040\/\" data-orig-file=\"https:\/\/i0.wp.com\/monodes.com\/predaelli\/wp-content\/uploads\/sites\/4\/2020\/04\/foto_0040.jpg?fit=800%2C600&amp;ssl=1\" data-orig-size=\"800,600\" data-comments-opened=\"1\" data-image-meta=\"{&quot;aperture&quot;:&quot;4&quot;,&quot;credit&quot;:&quot;&quot;,&quot;camera&quot;:&quot;Canon DIGITAL IXUS v&quot;,&quot;caption&quot;:&quot;&quot;,&quot;created_timestamp&quot;:&quot;1021041012&quot;,&quot;copyright&quot;:&quot;&quot;,&quot;focal_length&quot;:&quot;10.8125&quot;,&quot;iso&quot;:&quot;0&quot;,&quot;shutter_speed&quot;:&quot;0.125&quot;,&quot;title&quot;:&quot;&quot;,&quot;orientation&quot;:&quot;1&quot;}\" data-image-title=\"foto_0040\" data-image-description=\"\" data-image-caption=\"\" data-large-file=\"https:\/\/i0.wp.com\/monodes.com\/predaelli\/wp-content\/uploads\/sites\/4\/2020\/04\/foto_0040.jpg?fit=510%2C383&amp;ssl=1\" src=\"https:\/\/i2.wp.com\/monodes.com\/predaelli\/wp-content\/uploads\/sites\/4\/2020\/04\/foto_0040.jpg?fit=510%2C383&amp;ssl=1\" alt=\"\" data-id=\"7048\" data-link=\"https:\/\/monodes.com\/predaelli\/?attachment_id=7048\" class=\"wp-image-7048\" srcset=\"https:\/\/i0.wp.com\/monodes.com\/predaelli\/wp-content\/uploads\/sites\/4\/2020\/04\/foto_0040.jpg?w=800&amp;ssl=1 800w, https:\/\/i0.wp.com\/monodes.com\/predaelli\/wp-content\/uploads\/sites\/4\/2020\/04\/foto_0040.jpg?resize=300%2C225&amp;ssl=1 300w, https:\/\/i0.wp.com\/monodes.com\/predaelli\/wp-content\/uploads\/sites\/4\/2020\/04\/foto_0040.jpg?resize=510%2C383&amp;ssl=1 510w, https:\/\/i0.wp.com\/monodes.com\/predaelli\/wp-content\/uploads\/sites\/4\/2020\/04\/foto_0040.jpg?resize=768%2C576&amp;ssl=1 768w\" sizes=\"auto, (max-width: 800px) 100vw, 800px\" \/><\/a><\/figure><\/li><li class=\"blocks-gallery-item\"><figure><a href=\"https:\/\/i1.wp.com\/monodes.com\/predaelli\/wp-content\/uploads\/sites\/4\/2020\/04\/foto_0043.jpg?fit=510%2C383&amp;ssl=1\"><img loading=\"lazy\" decoding=\"async\" width=\"800\" height=\"600\" data-attachment-id=\"7049\" data-permalink=\"https:\/\/monodes.com\/predaelli\/2020\/04\/02\/la-prima-giornata-delle-liberta-digitali\/foto_0043\/\" data-orig-file=\"https:\/\/i0.wp.com\/monodes.com\/predaelli\/wp-content\/uploads\/sites\/4\/2020\/04\/foto_0043.jpg?fit=800%2C600&amp;ssl=1\" data-orig-size=\"800,600\" data-comments-opened=\"1\" data-image-meta=\"{&quot;aperture&quot;:&quot;4&quot;,&quot;credit&quot;:&quot;&quot;,&quot;camera&quot;:&quot;Canon DIGITAL IXUS v&quot;,&quot;caption&quot;:&quot;&quot;,&quot;created_timestamp&quot;:&quot;1021042239&quot;,&quot;copyright&quot;:&quot;&quot;,&quot;focal_length&quot;:&quot;10.8125&quot;,&quot;iso&quot;:&quot;0&quot;,&quot;shutter_speed&quot;:&quot;0.125&quot;,&quot;title&quot;:&quot;&quot;,&quot;orientation&quot;:&quot;1&quot;}\" data-image-title=\"foto_0043\" data-image-description=\"\" data-image-caption=\"\" data-large-file=\"https:\/\/i0.wp.com\/monodes.com\/predaelli\/wp-content\/uploads\/sites\/4\/2020\/04\/foto_0043.jpg?fit=510%2C383&amp;ssl=1\" src=\"https:\/\/i1.wp.com\/monodes.com\/predaelli\/wp-content\/uploads\/sites\/4\/2020\/04\/foto_0043.jpg?fit=510%2C383&amp;ssl=1\" alt=\"\" data-id=\"7049\" data-link=\"https:\/\/monodes.com\/predaelli\/?attachment_id=7049\" class=\"wp-image-7049\" srcset=\"https:\/\/i0.wp.com\/monodes.com\/predaelli\/wp-content\/uploads\/sites\/4\/2020\/04\/foto_0043.jpg?w=800&amp;ssl=1 800w, https:\/\/i0.wp.com\/monodes.com\/predaelli\/wp-content\/uploads\/sites\/4\/2020\/04\/foto_0043.jpg?resize=300%2C225&amp;ssl=1 300w, https:\/\/i0.wp.com\/monodes.com\/predaelli\/wp-content\/uploads\/sites\/4\/2020\/04\/foto_0043.jpg?resize=510%2C383&amp;ssl=1 510w, https:\/\/i0.wp.com\/monodes.com\/predaelli\/wp-content\/uploads\/sites\/4\/2020\/04\/foto_0043.jpg?resize=768%2C576&amp;ssl=1 768w\" sizes=\"auto, (max-width: 800px) 100vw, 800px\" \/><\/a><\/figure><\/li><li class=\"blocks-gallery-item\"><figure><a href=\"https:\/\/i0.wp.com\/monodes.com\/predaelli\/wp-content\/uploads\/sites\/4\/2020\/04\/foto_47.jpg?fit=510%2C383&amp;ssl=1\"><img loading=\"lazy\" decoding=\"async\" width=\"800\" height=\"600\" data-attachment-id=\"7050\" data-permalink=\"https:\/\/monodes.com\/predaelli\/2020\/04\/02\/la-prima-giornata-delle-liberta-digitali\/foto_47\/\" data-orig-file=\"https:\/\/i0.wp.com\/monodes.com\/predaelli\/wp-content\/uploads\/sites\/4\/2020\/04\/foto_47.jpg?fit=800%2C600&amp;ssl=1\" data-orig-size=\"800,600\" data-comments-opened=\"1\" data-image-meta=\"{&quot;aperture&quot;:&quot;4&quot;,&quot;credit&quot;:&quot;&quot;,&quot;camera&quot;:&quot;Canon DIGITAL IXUS v&quot;,&quot;caption&quot;:&quot;&quot;,&quot;created_timestamp&quot;:&quot;1021045469&quot;,&quot;copyright&quot;:&quot;&quot;,&quot;focal_length&quot;:&quot;10.8125&quot;,&quot;iso&quot;:&quot;0&quot;,&quot;shutter_speed&quot;:&quot;0.016666666666667&quot;,&quot;title&quot;:&quot;&quot;,&quot;orientation&quot;:&quot;1&quot;}\" data-image-title=\"foto_47\" data-image-description=\"\" data-image-caption=\"\" data-large-file=\"https:\/\/i0.wp.com\/monodes.com\/predaelli\/wp-content\/uploads\/sites\/4\/2020\/04\/foto_47.jpg?fit=510%2C383&amp;ssl=1\" src=\"https:\/\/i0.wp.com\/monodes.com\/predaelli\/wp-content\/uploads\/sites\/4\/2020\/04\/foto_47.jpg?fit=510%2C383&amp;ssl=1\" alt=\"\" data-id=\"7050\" data-link=\"https:\/\/monodes.com\/predaelli\/?attachment_id=7050\" class=\"wp-image-7050\" srcset=\"https:\/\/i0.wp.com\/monodes.com\/predaelli\/wp-content\/uploads\/sites\/4\/2020\/04\/foto_47.jpg?w=800&amp;ssl=1 800w, https:\/\/i0.wp.com\/monodes.com\/predaelli\/wp-content\/uploads\/sites\/4\/2020\/04\/foto_47.jpg?resize=300%2C225&amp;ssl=1 300w, https:\/\/i0.wp.com\/monodes.com\/predaelli\/wp-content\/uploads\/sites\/4\/2020\/04\/foto_47.jpg?resize=510%2C383&amp;ssl=1 510w, https:\/\/i0.wp.com\/monodes.com\/predaelli\/wp-content\/uploads\/sites\/4\/2020\/04\/foto_47.jpg?resize=768%2C576&amp;ssl=1 768w\" sizes=\"auto, (max-width: 800px) 100vw, 800px\" \/><\/a><\/figure><\/li><li class=\"blocks-gallery-item\"><figure><a href=\"https:\/\/i2.wp.com\/monodes.com\/predaelli\/wp-content\/uploads\/sites\/4\/2020\/04\/foto_49.jpg?fit=510%2C383&amp;ssl=1\"><img loading=\"lazy\" decoding=\"async\" width=\"800\" height=\"600\" data-attachment-id=\"7051\" data-permalink=\"https:\/\/monodes.com\/predaelli\/2020\/04\/02\/la-prima-giornata-delle-liberta-digitali\/foto_49\/\" data-orig-file=\"https:\/\/i0.wp.com\/monodes.com\/predaelli\/wp-content\/uploads\/sites\/4\/2020\/04\/foto_49.jpg?fit=800%2C600&amp;ssl=1\" data-orig-size=\"800,600\" data-comments-opened=\"1\" data-image-meta=\"{&quot;aperture&quot;:&quot;4&quot;,&quot;credit&quot;:&quot;&quot;,&quot;camera&quot;:&quot;Canon DIGITAL IXUS v&quot;,&quot;caption&quot;:&quot;&quot;,&quot;created_timestamp&quot;:&quot;1021045500&quot;,&quot;copyright&quot;:&quot;&quot;,&quot;focal_length&quot;:&quot;10.8125&quot;,&quot;iso&quot;:&quot;0&quot;,&quot;shutter_speed&quot;:&quot;0.016666666666667&quot;,&quot;title&quot;:&quot;&quot;,&quot;orientation&quot;:&quot;1&quot;}\" data-image-title=\"foto_49\" data-image-description=\"\" data-image-caption=\"\" data-large-file=\"https:\/\/i0.wp.com\/monodes.com\/predaelli\/wp-content\/uploads\/sites\/4\/2020\/04\/foto_49.jpg?fit=510%2C383&amp;ssl=1\" src=\"https:\/\/i2.wp.com\/monodes.com\/predaelli\/wp-content\/uploads\/sites\/4\/2020\/04\/foto_49.jpg?fit=510%2C383&amp;ssl=1\" alt=\"\" data-id=\"7051\" data-link=\"https:\/\/monodes.com\/predaelli\/?attachment_id=7051\" class=\"wp-image-7051\" srcset=\"https:\/\/i0.wp.com\/monodes.com\/predaelli\/wp-content\/uploads\/sites\/4\/2020\/04\/foto_49.jpg?w=800&amp;ssl=1 800w, https:\/\/i0.wp.com\/monodes.com\/predaelli\/wp-content\/uploads\/sites\/4\/2020\/04\/foto_49.jpg?resize=300%2C225&amp;ssl=1 300w, https:\/\/i0.wp.com\/monodes.com\/predaelli\/wp-content\/uploads\/sites\/4\/2020\/04\/foto_49.jpg?resize=510%2C383&amp;ssl=1 510w, https:\/\/i0.wp.com\/monodes.com\/predaelli\/wp-content\/uploads\/sites\/4\/2020\/04\/foto_49.jpg?resize=768%2C576&amp;ssl=1 768w\" sizes=\"auto, (max-width: 800px) 100vw, 800px\" \/><\/a><\/figure><\/li><li class=\"blocks-gallery-item\"><figure><a href=\"https:\/\/i2.wp.com\/monodes.com\/predaelli\/wp-content\/uploads\/sites\/4\/2020\/04\/foto_51.jpg?fit=510%2C383&amp;ssl=1\"><img loading=\"lazy\" decoding=\"async\" width=\"800\" height=\"600\" data-attachment-id=\"7052\" data-permalink=\"https:\/\/monodes.com\/predaelli\/2020\/04\/02\/la-prima-giornata-delle-liberta-digitali\/foto_51\/\" data-orig-file=\"https:\/\/i0.wp.com\/monodes.com\/predaelli\/wp-content\/uploads\/sites\/4\/2020\/04\/foto_51.jpg?fit=800%2C600&amp;ssl=1\" data-orig-size=\"800,600\" data-comments-opened=\"1\" data-image-meta=\"{&quot;aperture&quot;:&quot;4&quot;,&quot;credit&quot;:&quot;&quot;,&quot;camera&quot;:&quot;Canon DIGITAL IXUS v&quot;,&quot;caption&quot;:&quot;&quot;,&quot;created_timestamp&quot;:&quot;1021045527&quot;,&quot;copyright&quot;:&quot;&quot;,&quot;focal_length&quot;:&quot;10.8125&quot;,&quot;iso&quot;:&quot;0&quot;,&quot;shutter_speed&quot;:&quot;0.0125&quot;,&quot;title&quot;:&quot;&quot;,&quot;orientation&quot;:&quot;1&quot;}\" data-image-title=\"foto_51\" data-image-description=\"\" data-image-caption=\"\" data-large-file=\"https:\/\/i0.wp.com\/monodes.com\/predaelli\/wp-content\/uploads\/sites\/4\/2020\/04\/foto_51.jpg?fit=510%2C383&amp;ssl=1\" src=\"https:\/\/i2.wp.com\/monodes.com\/predaelli\/wp-content\/uploads\/sites\/4\/2020\/04\/foto_51.jpg?fit=510%2C383&amp;ssl=1\" alt=\"\" data-id=\"7052\" data-link=\"https:\/\/monodes.com\/predaelli\/?attachment_id=7052\" class=\"wp-image-7052\" srcset=\"https:\/\/i0.wp.com\/monodes.com\/predaelli\/wp-content\/uploads\/sites\/4\/2020\/04\/foto_51.jpg?w=800&amp;ssl=1 800w, https:\/\/i0.wp.com\/monodes.com\/predaelli\/wp-content\/uploads\/sites\/4\/2020\/04\/foto_51.jpg?resize=300%2C225&amp;ssl=1 300w, https:\/\/i0.wp.com\/monodes.com\/predaelli\/wp-content\/uploads\/sites\/4\/2020\/04\/foto_51.jpg?resize=510%2C383&amp;ssl=1 510w, https:\/\/i0.wp.com\/monodes.com\/predaelli\/wp-content\/uploads\/sites\/4\/2020\/04\/foto_51.jpg?resize=768%2C576&amp;ssl=1 768w\" sizes=\"auto, (max-width: 800px) 100vw, 800px\" \/><\/a><\/figure><\/li><li class=\"blocks-gallery-item\"><figure><a href=\"https:\/\/i0.wp.com\/monodes.com\/predaelli\/wp-content\/uploads\/sites\/4\/2020\/04\/foto_52.jpg?fit=510%2C383&amp;ssl=1\"><img loading=\"lazy\" decoding=\"async\" width=\"800\" height=\"600\" data-attachment-id=\"7053\" data-permalink=\"https:\/\/monodes.com\/predaelli\/2020\/04\/02\/la-prima-giornata-delle-liberta-digitali\/foto_52\/\" data-orig-file=\"https:\/\/i0.wp.com\/monodes.com\/predaelli\/wp-content\/uploads\/sites\/4\/2020\/04\/foto_52.jpg?fit=800%2C600&amp;ssl=1\" data-orig-size=\"800,600\" data-comments-opened=\"1\" data-image-meta=\"{&quot;aperture&quot;:&quot;4&quot;,&quot;credit&quot;:&quot;&quot;,&quot;camera&quot;:&quot;Canon DIGITAL IXUS v&quot;,&quot;caption&quot;:&quot;&quot;,&quot;created_timestamp&quot;:&quot;1021045541&quot;,&quot;copyright&quot;:&quot;&quot;,&quot;focal_length&quot;:&quot;10.8125&quot;,&quot;iso&quot;:&quot;0&quot;,&quot;shutter_speed&quot;:&quot;0.008&quot;,&quot;title&quot;:&quot;&quot;,&quot;orientation&quot;:&quot;1&quot;}\" data-image-title=\"foto_52\" data-image-description=\"\" data-image-caption=\"\" data-large-file=\"https:\/\/i0.wp.com\/monodes.com\/predaelli\/wp-content\/uploads\/sites\/4\/2020\/04\/foto_52.jpg?fit=510%2C383&amp;ssl=1\" src=\"https:\/\/i0.wp.com\/monodes.com\/predaelli\/wp-content\/uploads\/sites\/4\/2020\/04\/foto_52.jpg?fit=510%2C383&amp;ssl=1\" alt=\"\" data-id=\"7053\" data-link=\"https:\/\/monodes.com\/predaelli\/?attachment_id=7053\" class=\"wp-image-7053\" srcset=\"https:\/\/i0.wp.com\/monodes.com\/predaelli\/wp-content\/uploads\/sites\/4\/2020\/04\/foto_52.jpg?w=800&amp;ssl=1 800w, https:\/\/i0.wp.com\/monodes.com\/predaelli\/wp-content\/uploads\/sites\/4\/2020\/04\/foto_52.jpg?resize=300%2C225&amp;ssl=1 300w, https:\/\/i0.wp.com\/monodes.com\/predaelli\/wp-content\/uploads\/sites\/4\/2020\/04\/foto_52.jpg?resize=510%2C383&amp;ssl=1 510w, https:\/\/i0.wp.com\/monodes.com\/predaelli\/wp-content\/uploads\/sites\/4\/2020\/04\/foto_52.jpg?resize=768%2C576&amp;ssl=1 768w\" sizes=\"auto, (max-width: 800px) 100vw, 800px\" \/><\/a><\/figure><\/li><li class=\"blocks-gallery-item\"><figure><a href=\"https:\/\/i1.wp.com\/monodes.com\/predaelli\/wp-content\/uploads\/sites\/4\/2020\/04\/foto_74.jpg?fit=800%2C600&amp;ssl=1\"><img loading=\"lazy\" decoding=\"async\" width=\"800\" height=\"600\" data-attachment-id=\"7054\" data-permalink=\"https:\/\/monodes.com\/predaelli\/2020\/04\/02\/la-prima-giornata-delle-liberta-digitali\/foto_74\/\" data-orig-file=\"https:\/\/i0.wp.com\/monodes.com\/predaelli\/wp-content\/uploads\/sites\/4\/2020\/04\/foto_74.jpg?fit=800%2C600&amp;ssl=1\" data-orig-size=\"800,600\" data-comments-opened=\"1\" data-image-meta=\"{&quot;aperture&quot;:&quot;3.2&quot;,&quot;credit&quot;:&quot;&quot;,&quot;camera&quot;:&quot;Canon DIGITAL IXUS v&quot;,&quot;caption&quot;:&quot;&quot;,&quot;created_timestamp&quot;:&quot;1021050358&quot;,&quot;copyright&quot;:&quot;&quot;,&quot;focal_length&quot;:&quot;6.71875&quot;,&quot;iso&quot;:&quot;0&quot;,&quot;shutter_speed&quot;:&quot;0.125&quot;,&quot;title&quot;:&quot;&quot;,&quot;orientation&quot;:&quot;1&quot;}\" data-image-title=\"foto_74\" data-image-description=\"\" data-image-caption=\"\" data-large-file=\"https:\/\/i0.wp.com\/monodes.com\/predaelli\/wp-content\/uploads\/sites\/4\/2020\/04\/foto_74.jpg?fit=510%2C383&amp;ssl=1\" src=\"https:\/\/i1.wp.com\/monodes.com\/predaelli\/wp-content\/uploads\/sites\/4\/2020\/04\/foto_74.jpg?fit=510%2C383&amp;ssl=1\" alt=\"\" data-id=\"7054\" data-full-url=\"https:\/\/i1.wp.com\/monodes.com\/predaelli\/wp-content\/uploads\/sites\/4\/2020\/04\/foto_74.jpg?fit=800%2C600&amp;ssl=1\" data-link=\"https:\/\/monodes.com\/predaelli\/?attachment_id=7054\" class=\"wp-image-7054\" srcset=\"https:\/\/i0.wp.com\/monodes.com\/predaelli\/wp-content\/uploads\/sites\/4\/2020\/04\/foto_74.jpg?w=800&amp;ssl=1 800w, https:\/\/i0.wp.com\/monodes.com\/predaelli\/wp-content\/uploads\/sites\/4\/2020\/04\/foto_74.jpg?resize=300%2C225&amp;ssl=1 300w, https:\/\/i0.wp.com\/monodes.com\/predaelli\/wp-content\/uploads\/sites\/4\/2020\/04\/foto_74.jpg?resize=510%2C383&amp;ssl=1 510w, https:\/\/i0.wp.com\/monodes.com\/predaelli\/wp-content\/uploads\/sites\/4\/2020\/04\/foto_74.jpg?resize=768%2C576&amp;ssl=1 768w\" sizes=\"auto, (max-width: 800px) 100vw, 800px\" \/><\/a><figcaption class=\"blocks-gallery-item__caption\">Guido Serra<\/figcaption><\/figure><\/li><\/ul><figcaption class=\"blocks-gallery-caption\">In ordine sparso Alessandro Sivieri, Radu Andries <a href=\"https:\/\/www.linkedin.com\/in\/zanero\/\">Stefano Zanero<\/a>, Giacomo Rizzo, Simo Sorce, Francesco Ferrario (Osprey), Guido Serra e tanto, tanto hardware d&#8217;annata.<\/figcaption><\/figure>\n\n\n\n<p><\/p>\n","protected":false},"excerpt":{"rendered":"<p class=\"excerpt\">Forse \u00e8 il caso che le metta online, queste foto della prima, primissima Giornata delle Libert\u00e0 Digitali organizzata dal POuL, il &#8220;Politecnico Open unix Labs&#8221;. Correva l&#8217;anno 2002, secondo i dati EXIF delle foto fatte da me era il 10 maggio 2002. Quanta acqua \u00e8 passata sotto i ponti! Sono abbastanza sicuro che all&#8217;epoca il&hellip;<\/p>\n<p class=\"more-link-p\"><a class=\"more-link\" href=\"https:\/\/monodes.com\/predaelli\/2020\/04\/02\/la-prima-giornata-delle-liberta-digitali\/\">Read more &rarr;<\/a><\/p>\n","protected":false},"author":1,"featured_media":7036,"comment_status":"open","ping_status":"open","sticky":false,"template":"","format":"gallery","meta":{"inline_featured_image":false,"jetpack_post_was_ever_published":false,"_jetpack_newsletter_access":"","_jetpack_dont_email_post_to_subs":false,"_jetpack_newsletter_tier_id":0,"_jetpack_memberships_contains_paywalled_content":false,"_jetpack_memberships_contains_paid_content":false,"activitypub_content_warning":"","activitypub_content_visibility":"","activitypub_max_image_attachments":4,"activitypub_interaction_policy_quote":"anyone","activitypub_status":"","footnotes":"","jetpack_publicize_message":"Le foto della prima giornata delle libert\u00e0 digitali, quella del 2002","jetpack_publicize_feature_enabled":true,"jetpack_social_post_already_shared":true,"jetpack_social_options":{"image_generator_settings":{"template":"highway","default_image_id":0,"font":"","enabled":false},"version":2}},"categories":[105,19],"tags":[269],"class_list":["post-7014","post","type-post","status-publish","format-gallery","has-post-thumbnail","hentry","category-fun","category-mood","tag-poul","post_format-post-format-gallery"],"jetpack_publicize_connections":[],"jetpack_featured_media_url":"https:\/\/i0.wp.com\/monodes.com\/predaelli\/wp-content\/uploads\/sites\/4\/2020\/04\/foto_65.jpg?fit=800%2C600&ssl=1","jetpack_sharing_enabled":true,"jetpack_shortlink":"https:\/\/wp.me\/p6daft-1P8","jetpack-related-posts":[{"id":3527,"url":"https:\/\/monodes.com\/predaelli\/2017\/11\/26\/merita\/","url_meta":{"origin":7014,"position":0},"title":"Merita","author":"Paolo Redaelli","date":"2017-11-26","format":false,"excerpt":"Poul Anderson, Tre cuori tre leoni. Merita davvero, tutti gli amanti del fantasy, ma anche della fantascienza e soprattutto quelli a cui piace Dungeons&Dragons dovrebbero leggerlo. L'ho scoperto qui https:\/\/cronachedelgattosulfuoco.altervista.org\/blog\/2014\/09\/lallineamento-di-poul-anderson-non-solo-tolkien\/?doing_wp_cron=1511734713.7231709957122802734375#comment-976 \u00a0 E forse \u00e8 il caso che mi iscriva a GoodReads.com...","rel":"","context":"In &quot;Fun&quot;","block_context":{"text":"Fun","link":"https:\/\/monodes.com\/predaelli\/category\/fun\/"},"img":{"alt_text":"","src":"","width":0,"height":0},"classes":[]},{"id":11782,"url":"https:\/\/monodes.com\/predaelli\/2024\/06\/30\/il-mistero-dellinterfaccia-delle-fotocamere-digitali\/","url_meta":{"origin":7014,"position":1},"title":"Il mistero dell\u2019interfaccia delle fotocamere digitali","author":"Paolo Redaelli","date":"2024-06-30","format":false,"excerpt":"Foto Digitale Un macaco, in Il mistero dell\u2019interfaccia delle fotocamere digitali - macitynet.it si chiede perch\u00e9 i men\u00f9 delle fotocamere sono cos\u00ec complicati. Per lo stesso motivo per il quale negli anni 50-60 i manuali delle autovetture spiegavano come regolare l'anticipo delle candelette mentre ora ti dicono di non bere\u2026","rel":"","context":"In &quot;Mood&quot;","block_context":{"text":"Mood","link":"https:\/\/monodes.com\/predaelli\/category\/mood\/"},"img":{"alt_text":"","src":"","width":0,"height":0},"classes":[]},{"id":13824,"url":"https:\/\/monodes.com\/predaelli\/2025\/07\/31\/11-punti-per-la-liberta-digitale\/","url_meta":{"origin":7014,"position":2},"title":"11 punti per la libert\u00e0 digitale","author":"Paolo Redaelli","date":"2025-07-31","format":"quote","excerpt":"11 punti per la consapevolezza digitale. dare sempre una alternativa non digitale ai sistemi di identificazione richiesti per la vita quotidiana (CIE, SPID, uso delle App): nella Pubblica Amministrazione, in banche, fatturazioni, contratti, fascicolo sanitario; abolire l\u2019obbligo di consegna di dati biometrici non necessari (impronte digitali nella CIE, nella App\u2026","rel":"","context":"In &quot;Ethics&quot;","block_context":{"text":"Ethics","link":"https:\/\/monodes.com\/predaelli\/category\/ethics\/"},"img":{"alt_text":"","src":"","width":0,"height":0},"classes":[]},{"id":7065,"url":"https:\/\/monodes.com\/predaelli\/2020\/04\/03\/7065\/","url_meta":{"origin":7014,"position":3},"title":"p2p-media-loader","author":"Paolo Redaelli","date":"2020-04-03","format":"link","excerpt":"I ragazzi del POuL stasera han fatto una prova di streaming usando https:\/\/github.com\/Novage\/p2p-media-loader .... e sembra funzionare stupendamente bene.... https:\/\/github.com\/Novage\/p2p-media-loader","rel":"","context":"In &quot;Senza categoria&quot;","block_context":{"text":"Senza categoria","link":"https:\/\/monodes.com\/predaelli\/category\/senza-categoria\/"},"img":{"alt_text":"","src":"","width":0,"height":0},"classes":[]},{"id":14291,"url":"https:\/\/monodes.com\/predaelli\/2025\/11\/12\/adesso-basta\/","url_meta":{"origin":7014,"position":4},"title":"Adesso basta!","author":"Paolo Redaelli","date":"2025-11-12","format":false,"excerpt":"Adesso basta! Chatcontrol 2.0 rientra dalla porta di servizio \u2013 Breyer avverte: \u201cL\u2019UE ci sta prendendo in giro\u201d L\u2019agguato dell\u2019Europa della sorveglianza: riecco chatcontrol che rientra dalla porta di servizio in silenzio come un ladro, ma a differenza dei ladri, vuole restare a casa tua Adesso basta! Chatcontrol 2.0 rientra\u2026","rel":"","context":"In &quot;Ethics&quot;","block_context":{"text":"Ethics","link":"https:\/\/monodes.com\/predaelli\/category\/ethics\/"},"img":{"alt_text":"","src":"","width":0,"height":0},"classes":[]},{"id":14110,"url":"https:\/\/monodes.com\/predaelli\/2025\/10\/10\/diventare-una-distopia\/","url_meta":{"origin":7014,"position":5},"title":"Diventare una distopia","author":"Paolo Redaelli","date":"2025-10-10","format":false,"excerpt":"Sto per compiere 41 anni, ma non ho voglia di festeggiare. La nostra generazione sta esaurendo il tempo per salvare l'Internet libero costruito per noi dai nostri padri. Quello che una volta era la promessa dello scambio libero di informazioni si sta trasformando nell'ultimo strumento di controllo. Paesi un tempo\u2026","rel":"","context":"In &quot;Ethics&quot;","block_context":{"text":"Ethics","link":"https:\/\/monodes.com\/predaelli\/category\/ethics\/"},"img":{"alt_text":"","src":"","width":0,"height":0},"classes":[]}],"jetpack_likes_enabled":true,"_links":{"self":[{"href":"https:\/\/monodes.com\/predaelli\/wp-json\/wp\/v2\/posts\/7014","targetHints":{"allow":["GET"]}}],"collection":[{"href":"https:\/\/monodes.com\/predaelli\/wp-json\/wp\/v2\/posts"}],"about":[{"href":"https:\/\/monodes.com\/predaelli\/wp-json\/wp\/v2\/types\/post"}],"author":[{"embeddable":true,"href":"https:\/\/monodes.com\/predaelli\/wp-json\/wp\/v2\/users\/1"}],"replies":[{"embeddable":true,"href":"https:\/\/monodes.com\/predaelli\/wp-json\/wp\/v2\/comments?post=7014"}],"version-history":[{"count":0,"href":"https:\/\/monodes.com\/predaelli\/wp-json\/wp\/v2\/posts\/7014\/revisions"}],"wp:featuredmedia":[{"embeddable":true,"href":"https:\/\/monodes.com\/predaelli\/wp-json\/wp\/v2\/media\/7036"}],"wp:attachment":[{"href":"https:\/\/monodes.com\/predaelli\/wp-json\/wp\/v2\/media?parent=7014"}],"wp:term":[{"taxonomy":"category","embeddable":true,"href":"https:\/\/monodes.com\/predaelli\/wp-json\/wp\/v2\/categories?post=7014"},{"taxonomy":"post_tag","embeddable":true,"href":"https:\/\/monodes.com\/predaelli\/wp-json\/wp\/v2\/tags?post=7014"}],"curies":[{"name":"wp","href":"https:\/\/api.w.org\/{rel}","templated":true}]}}