{"id":8103,"date":"2021-01-22T21:57:00","date_gmt":"2021-01-22T20:57:00","guid":{"rendered":"https:\/\/monodes.com\/predaelli\/?p=8103"},"modified":"2021-01-22T15:07:51","modified_gmt":"2021-01-22T14:07:51","slug":"desio-glocal-climate-change-a-project-by-edjnet","status":"publish","type":"post","link":"https:\/\/monodes.com\/predaelli\/2021\/01\/22\/desio-glocal-climate-change-a-project-by-edjnet\/","title":{"rendered":"Desio | Glocal Climate Change: a project by EDJNet"},"content":{"rendered":"<p>Source: <em><a href=\"https:\/\/climatechange.europeandatajournalism.eu\/en\/italy\/lombardia\/monza-e-della-brianza\/desio\">Desio | Glocal Climate Change: a project by EDJNet<\/a><\/em><\/p>\n","protected":false},"excerpt":{"rendered":"<p class=\"excerpt\">Source: Desio | Glocal Climate Change: a project by EDJNet<\/p>\n<p class=\"more-link-p\"><a class=\"more-link\" href=\"https:\/\/monodes.com\/predaelli\/2021\/01\/22\/desio-glocal-climate-change-a-project-by-edjnet\/\">Read more &rarr;<\/a><\/p>\n","protected":false},"author":1,"featured_media":0,"comment_status":"open","ping_status":"open","sticky":false,"template":"","format":"link","meta":{"inline_featured_image":false,"jetpack_post_was_ever_published":false,"_jetpack_newsletter_access":"","_jetpack_dont_email_post_to_subs":false,"_jetpack_newsletter_tier_id":0,"_jetpack_memberships_contains_paywalled_content":false,"_jetpack_memberships_contains_paid_content":false,"activitypub_content_warning":"","activitypub_content_visibility":"","activitypub_max_image_attachments":4,"activitypub_interaction_policy_quote":"anyone","activitypub_status":"","footnotes":"","jetpack_publicize_message":"","jetpack_publicize_feature_enabled":true,"jetpack_social_post_already_shared":true,"jetpack_social_options":{"image_generator_settings":{"template":"highway","default_image_id":0,"font":"","enabled":false},"version":2}},"categories":[1],"tags":[],"class_list":["post-8103","post","type-post","status-publish","format-link","hentry","category-senza-categoria","post_format-post-format-link"],"jetpack_publicize_connections":[],"jetpack_featured_media_url":"","jetpack_sharing_enabled":true,"jetpack_shortlink":"https:\/\/wp.me\/p6daft-26H","jetpack-related-posts":[{"id":3711,"url":"https:\/\/monodes.com\/predaelli\/2018\/01\/26\/le-famose-campane-di-desio\/","url_meta":{"origin":8103,"position":0},"title":"Le famose campane di Desio","author":"Paolo Redaelli","date":"2018-01-26","format":false,"excerpt":"\"The famouse Desio bells\"\u2026 I wonder why it hasn't been published online","rel":"","context":"In &quot;Senza categoria&quot;","block_context":{"text":"Senza categoria","link":"https:\/\/monodes.com\/predaelli\/category\/senza-categoria\/"},"img":{"alt_text":"","src":"","width":0,"height":0},"classes":[]},{"id":5080,"url":"https:\/\/monodes.com\/predaelli\/2018\/12\/22\/christmas-concert\/","url_meta":{"origin":8103,"position":1},"title":"Christmas concert","author":"Paolo Redaelli","date":"2018-12-22","format":false,"excerpt":"Tonight all together to listen to the Christmas concert held by Coro citt\u00e0 di Desio and Orchestra Pozzoli di Seregno","rel":"","context":"In &quot;Senza categoria&quot;","block_context":{"text":"Senza categoria","link":"https:\/\/monodes.com\/predaelli\/category\/senza-categoria\/"},"img":{"alt_text":"","src":"https:\/\/i0.wp.com\/monodes.com\/predaelli\/wp-content\/uploads\/sites\/4\/2018\/12\/20181222_211002.jpg?resize=350%2C200&ssl=1","width":350,"height":200,"srcset":"https:\/\/i0.wp.com\/monodes.com\/predaelli\/wp-content\/uploads\/sites\/4\/2018\/12\/20181222_211002.jpg?resize=350%2C200&ssl=1 1x, https:\/\/i0.wp.com\/monodes.com\/predaelli\/wp-content\/uploads\/sites\/4\/2018\/12\/20181222_211002.jpg?resize=525%2C300&ssl=1 1.5x, https:\/\/i0.wp.com\/monodes.com\/predaelli\/wp-content\/uploads\/sites\/4\/2018\/12\/20181222_211002.jpg?resize=700%2C400&ssl=1 2x, https:\/\/i0.wp.com\/monodes.com\/predaelli\/wp-content\/uploads\/sites\/4\/2018\/12\/20181222_211002.jpg?resize=1050%2C600&ssl=1 3x, https:\/\/i0.wp.com\/monodes.com\/predaelli\/wp-content\/uploads\/sites\/4\/2018\/12\/20181222_211002.jpg?resize=1400%2C800&ssl=1 4x"},"classes":[]},{"id":5552,"url":"https:\/\/monodes.com\/predaelli\/2019\/05\/04\/il-prossimo-sara-in-giallo\/","url_meta":{"origin":8103,"position":2},"title":"Il prossimo sar\u00e0 in giallo","author":"Paolo Redaelli","date":"2019-05-04","format":false,"excerpt":"Scommetto che il prossimo notiziario della Parrocchia SS. Siro e Materno di Desio avr\u00e0 il giallo come colore dominante\u2026 \ud83d\ude03","rel":"","context":"In &quot;Mood&quot;","block_context":{"text":"Mood","link":"https:\/\/monodes.com\/predaelli\/category\/mood\/"},"img":{"alt_text":"","src":"https:\/\/i0.wp.com\/monodes.com\/predaelli\/wp-content\/uploads\/sites\/4\/2019\/05\/20190504_095158.jpg?fit=1200%2C881&ssl=1&resize=350%2C200","width":350,"height":200,"srcset":"https:\/\/i0.wp.com\/monodes.com\/predaelli\/wp-content\/uploads\/sites\/4\/2019\/05\/20190504_095158.jpg?fit=1200%2C881&ssl=1&resize=350%2C200 1x, https:\/\/i0.wp.com\/monodes.com\/predaelli\/wp-content\/uploads\/sites\/4\/2019\/05\/20190504_095158.jpg?fit=1200%2C881&ssl=1&resize=525%2C300 1.5x, https:\/\/i0.wp.com\/monodes.com\/predaelli\/wp-content\/uploads\/sites\/4\/2019\/05\/20190504_095158.jpg?fit=1200%2C881&ssl=1&resize=700%2C400 2x, https:\/\/i0.wp.com\/monodes.com\/predaelli\/wp-content\/uploads\/sites\/4\/2019\/05\/20190504_095158.jpg?fit=1200%2C881&ssl=1&resize=1050%2C600 3x"},"classes":[]},{"id":207,"url":"https:\/\/monodes.com\/predaelli\/2015\/06\/04\/quanto-durera\/","url_meta":{"origin":8103,"position":3},"title":"Quanto durer\u00e0?","author":"Paolo Redaelli","date":"2015-06-04","format":"image","excerpt":"Quanto durer\u00e0 ancora questa tettoia che il comune di Desio ha preteso di preservare e poi ha abbandonato all'incuria? Ancora un po' che aspettano e troveranno solo macerie\u2026 sta gi\u00e0 crollando e non da oggi. Tanto vale abbatterla oppure lasciar fare ai volenterosi","rel":"","context":"In &quot;Senza categoria&quot;","block_context":{"text":"Senza categoria","link":"https:\/\/monodes.com\/predaelli\/category\/senza-categoria\/"},"img":{"alt_text":"","src":"","width":0,"height":0},"classes":[]},{"id":3578,"url":"https:\/\/monodes.com\/predaelli\/2017\/12\/16\/the-famous-desio-bells\/","url_meta":{"origin":8103,"position":4},"title":"The famous Desio bells","author":"Paolo Redaelli","date":"2017-12-16","format":false,"excerpt":"\u00a0 https:\/\/www.youtube.com\/watch?v=nu3vwiMhdTg https:\/\/www.youtube.com\/watch?v=N83YtWyuc6U https:\/\/www.youtube.com\/watch?v=aY8KAJs2cfI \u00a0 https:\/\/www.youtube.com\/watch?v=AhdSZiS1m3I \u00a0 https:\/\/www.youtube.com\/watch?v=GYZ_iv3z3FY \u00a0 https:\/\/www.youtube.com\/watch?v=00LkMogujno \u00a0 https:\/\/www.youtube.com\/watch?v=BRKLhJ1KwTI \u00a0 https:\/\/www.youtube.com\/watch?v=wGlH14H89K4 \u00a0","rel":"","context":"In &quot;Basilica's website&quot;","block_context":{"text":"Basilica's website","link":"https:\/\/monodes.com\/predaelli\/category\/basilicas-website\/"},"img":{"alt_text":"","src":"https:\/\/i0.wp.com\/monodes.com\/predaelli\/wp-content\/uploads\/sites\/4\/2017\/12\/img_20171216_175255-816779135-225x300-1.jpg?resize=350%2C200&ssl=1","width":350,"height":200},"classes":[]},{"id":4355,"url":"https:\/\/monodes.com\/predaelli\/2018\/05\/28\/cerco-giocatori-dd-zona-desio-gdr-players\/","url_meta":{"origin":8103,"position":5},"title":"Cerco giocatori D&#038;D zona Desio &#8211; GdR Players","author":"Paolo Redaelli","date":"2018-05-28","format":false,"excerpt":"Cerco giocatori D&D zona Desio - GdR Players DM arrugginito da secoli di inattivit\u00e0 cerca 4 giocatori di D&D per partite infrasettimanali (pi\u00f9 o meno di mercoled\u00ec dalle 20 alle 24). Mi servono un mago, un guerriero, un ladro e un brillante esagitato qualsiasi per serate di low fantasy crudo\u2026","rel":"","context":"In &quot;Fun&quot;","block_context":{"text":"Fun","link":"https:\/\/monodes.com\/predaelli\/category\/fun\/"},"img":{"alt_text":"","src":"","width":0,"height":0},"classes":[]}],"jetpack_likes_enabled":true,"_links":{"self":[{"href":"https:\/\/monodes.com\/predaelli\/wp-json\/wp\/v2\/posts\/8103","targetHints":{"allow":["GET"]}}],"collection":[{"href":"https:\/\/monodes.com\/predaelli\/wp-json\/wp\/v2\/posts"}],"about":[{"href":"https:\/\/monodes.com\/predaelli\/wp-json\/wp\/v2\/types\/post"}],"author":[{"embeddable":true,"href":"https:\/\/monodes.com\/predaelli\/wp-json\/wp\/v2\/users\/1"}],"replies":[{"embeddable":true,"href":"https:\/\/monodes.com\/predaelli\/wp-json\/wp\/v2\/comments?post=8103"}],"version-history":[{"count":0,"href":"https:\/\/monodes.com\/predaelli\/wp-json\/wp\/v2\/posts\/8103\/revisions"}],"wp:attachment":[{"href":"https:\/\/monodes.com\/predaelli\/wp-json\/wp\/v2\/media?parent=8103"}],"wp:term":[{"taxonomy":"category","embeddable":true,"href":"https:\/\/monodes.com\/predaelli\/wp-json\/wp\/v2\/categories?post=8103"},{"taxonomy":"post_tag","embeddable":true,"href":"https:\/\/monodes.com\/predaelli\/wp-json\/wp\/v2\/tags?post=8103"}],"curies":[{"name":"wp","href":"https:\/\/api.w.org\/{rel}","templated":true}]}}