{"id":9890,"date":"2022-11-27T10:28:43","date_gmt":"2022-11-27T09:28:43","guid":{"rendered":"https:\/\/monodes.com\/predaelli\/?p=9890"},"modified":"2022-11-27T10:28:44","modified_gmt":"2022-11-27T09:28:44","slug":"una-preghiera-contro-il-male-da-recitare-in-avvento","status":"publish","type":"post","link":"https:\/\/monodes.com\/predaelli\/2022\/11\/27\/una-preghiera-contro-il-male-da-recitare-in-avvento\/","title":{"rendered":"Una preghiera contro il male, da recitare in Avvento"},"content":{"rendered":"<p><a href=\"https:\/\/it.aleteia.org\/2021\/12\/10\/una-preghiera-di-benedetto-xvi-contro-il-male-da-recitare-in-avvento\/\"><img data-recalc-dims=\"1\" decoding=\"async\" class=\"alignnone size-full\" src=\"https:\/\/i0.wp.com\/monodes.com\/predaelli\/wp-content\/uploads\/sites\/4\/2022\/11\/EN_01068829_1437.jpg?w=910&#038;ssl=1\" alt=\"\"\/><\/a><\/p>\n<blockquote><p>\u201cVieni Ges\u00f9; vieni, d\u00e0 forza alla luce e al bene;<br \/>\nvieni dove domina la menzogna, l\u2019ignoranza di Dio, la violenza, l\u2019ingiustizia;<br \/>\nvieni, Signore Ges\u00f9, d\u00e0 forza al bene nel mondo e aiutaci a essere portatori della tua luce, operatori della pace, testimoni della verit\u00e0.<br \/>\nVieni Signore Ges\u00f9!\u201d<br \/>\nMentre affrontiamo le nostre battaglie spirituali in questo periodo di Avvento, preghiamo di avere forza e gridiamo a Dio: \u201cVieni, Signore Ges\u00f9!\u201d<\/p><\/blockquote>\n<p>Source: <em><a href=\"https:\/\/it.aleteia.org\/2021\/12\/10\/una-preghiera-di-benedetto-xvi-contro-il-male-da-recitare-in-avvento\/\">Una preghiera di Benedetto XVI contro il male, da recitare in Avvento<\/a><\/em><\/p>\n","protected":false},"excerpt":{"rendered":"<p class=\"excerpt\">\u201cVieni Ges\u00f9; vieni, d\u00e0 forza alla luce e al bene; vieni dove domina la menzogna, l\u2019ignoranza di Dio, la violenza, l\u2019ingiustizia; vieni, Signore Ges\u00f9, d\u00e0 forza al bene nel mondo e aiutaci a essere portatori della tua luce, operatori della pace, testimoni della verit\u00e0. Vieni Signore Ges\u00f9!\u201d Mentre affrontiamo le nostre battaglie spirituali in questo&hellip;<\/p>\n<p class=\"more-link-p\"><a class=\"more-link\" href=\"https:\/\/monodes.com\/predaelli\/2022\/11\/27\/una-preghiera-contro-il-male-da-recitare-in-avvento\/\">Read more &rarr;<\/a><\/p>\n","protected":false},"author":1,"featured_media":0,"comment_status":"open","ping_status":"open","sticky":false,"template":"","format":"standard","meta":{"inline_featured_image":false,"jetpack_post_was_ever_published":false,"_jetpack_newsletter_access":"","_jetpack_dont_email_post_to_subs":false,"_jetpack_newsletter_tier_id":0,"_jetpack_memberships_contains_paywalled_content":false,"_jetpack_memberships_contains_paid_content":false,"activitypub_content_warning":"","activitypub_content_visibility":"","activitypub_max_image_attachments":4,"activitypub_interaction_policy_quote":"anyone","activitypub_status":"","footnotes":"","jetpack_publicize_message":"","jetpack_publicize_feature_enabled":true,"jetpack_social_post_already_shared":true,"jetpack_social_options":{"image_generator_settings":{"template":"highway","default_image_id":0,"font":"","enabled":false},"version":2}},"categories":[313],"tags":[],"class_list":["post-9890","post","type-post","status-publish","format-standard","hentry","category-catholicism"],"jetpack_publicize_connections":[],"jetpack_featured_media_url":"","jetpack_sharing_enabled":true,"jetpack_shortlink":"https:\/\/wp.me\/p6daft-2zw","jetpack-related-posts":[{"id":3623,"url":"https:\/\/monodes.com\/predaelli\/2018\/01\/06\/joy-is\/","url_meta":{"origin":9890,"position":0},"title":"Joy is&#8230;","author":"Paolo Redaelli","date":"2018-01-06","format":"video","excerpt":"Joy is... listeing \"Jesus bleibet meine Freude\" with your young daughter and discovering that she likes it as much as you... For the italians here's a nice translation with a comment: Jesus bleibet meine Freude \u00e8 il titolo del celebre corale di Johann Sebastian Bach, tratto dalla Cantata BWV 147.\u2026","rel":"","context":"In &quot;Mood&quot;","block_context":{"text":"Mood","link":"https:\/\/monodes.com\/predaelli\/category\/mood\/"},"img":{"alt_text":"","src":"","width":0,"height":0},"classes":[]},{"id":10613,"url":"https:\/\/monodes.com\/predaelli\/2023\/07\/13\/le-assurdita-di-un-prossimo-cardinale-non-vogliamo-convertire-i-giovani-a-cristo-informazionecattolica-it\/","url_meta":{"origin":9890,"position":1},"title":"Le assurdit\u00e0 di un prossimo cardinale: &#8220;Non vogliamo convertire i giovani a Cristo&#8221; \u2013 informazionecattolica.it","author":"Paolo Redaelli","date":"2023-07-13","format":false,"excerpt":"Forse conviene che torni ai fondamentali costui... Non vogliamo convertire i giovani a Cristo o alla Chiesa cattolica o qualcosa del genere\u201d, ha detto il vescovo Am\u00e9rico Aguiar, responsabile della Giornata mondiale della giovent\u00f9 (GMG) Lisbona 2023 che sar\u00e0 creato cardinale da papa Francesco a settembre Le assurdit\u00e0 di un\u2026","rel":"","context":"In &quot;Catholicism&quot;","block_context":{"text":"Catholicism","link":"https:\/\/monodes.com\/predaelli\/category\/catholicism\/"},"img":{"alt_text":"","src":"","width":0,"height":0},"classes":[]},{"id":10639,"url":"https:\/\/monodes.com\/predaelli\/2024\/07\/17\/10639\/","url_meta":{"origin":9890,"position":2},"title":"Le suore di Compi\u00e8gne","author":"Paolo Redaelli","date":"2024-07-17","format":false,"excerpt":"Il 17 luglio si ricordano le suore di Compi\u00e8gne, Carmelitane martirizzate dai giacobini francesi.Giusto per ricordare che la tanto sbandierata Rivoluzione si \u00e8 occupata, oltre che di far sparire reliquie e profanare sepolcri e chiese anche di decapitare suore. Le martiri di Compi\u00e8gne sono sedici monache carmelitane uccise durante la\u2026","rel":"","context":"In &quot;Catholicism&quot;","block_context":{"text":"Catholicism","link":"https:\/\/monodes.com\/predaelli\/category\/catholicism\/"},"img":{"alt_text":"","src":"https:\/\/i0.wp.com\/monodes.com\/predaelli\/wp-content\/uploads\/sites\/4\/2023\/07\/carmelitane2.webp?fit=600%2C960&ssl=1&resize=350%2C200","width":350,"height":200,"srcset":"https:\/\/i0.wp.com\/monodes.com\/predaelli\/wp-content\/uploads\/sites\/4\/2023\/07\/carmelitane2.webp?fit=600%2C960&ssl=1&resize=350%2C200 1x, https:\/\/i0.wp.com\/monodes.com\/predaelli\/wp-content\/uploads\/sites\/4\/2023\/07\/carmelitane2.webp?fit=600%2C960&ssl=1&resize=525%2C300 1.5x"},"classes":[]},{"id":11728,"url":"https:\/\/monodes.com\/predaelli\/2025\/06\/03\/san-carlo-lwanga-e-compagni-martiri-ugandesi\/","url_meta":{"origin":9890,"position":3},"title":"San Carlo Lwanga e compagni martiri ugandesi","author":"Paolo Redaelli","date":"2025-06-03","format":false,"excerpt":"3 giugno: memoria di San Carlo Lwanga e compagni martiri ugandesi, martirizzati in odium fidei da un pederasta Furono uccisi in odio alla fede dal loro re, un pederasta conclamato, per non essersi voluti assoggettare ai vizi di lui, dopo essersi proclamati cristiani. Santi patroni da invocare in modo particolare\u2026","rel":"","context":"In &quot;Catholicism&quot;","block_context":{"text":"Catholicism","link":"https:\/\/monodes.com\/predaelli\/category\/catholicism\/"},"img":{"alt_text":"","src":"https:\/\/i0.wp.com\/monodes.com\/predaelli\/wp-content\/uploads\/sites\/4\/2024\/06\/san-carlo-lwanga-e-compagni.webp?fit=1047%2C776&ssl=1&resize=350%2C200","width":350,"height":200,"srcset":"https:\/\/i0.wp.com\/monodes.com\/predaelli\/wp-content\/uploads\/sites\/4\/2024\/06\/san-carlo-lwanga-e-compagni.webp?fit=1047%2C776&ssl=1&resize=350%2C200 1x, https:\/\/i0.wp.com\/monodes.com\/predaelli\/wp-content\/uploads\/sites\/4\/2024\/06\/san-carlo-lwanga-e-compagni.webp?fit=1047%2C776&ssl=1&resize=525%2C300 1.5x, https:\/\/i0.wp.com\/monodes.com\/predaelli\/wp-content\/uploads\/sites\/4\/2024\/06\/san-carlo-lwanga-e-compagni.webp?fit=1047%2C776&ssl=1&resize=700%2C400 2x"},"classes":[]},{"id":11986,"url":"https:\/\/monodes.com\/predaelli\/2024\/10\/14\/il-testamento-spirituale-di-sammy-basso-vatican-news\/","url_meta":{"origin":9890,"position":4},"title":"Il testamento spirituale di Sammy Basso &#8211; Vatican News","author":"Paolo Redaelli","date":"2024-10-14","format":false,"excerpt":"Leggo solo ora\u00a0Il testamento spirituale di Sammy Basso Toccante. Il testamento spirituale di Sammy Basso Pubblichiamo il testo dello scritto del giovane biologo, simbolo della lotta alla progeria, morto il 5 ottobre, letto integralmente dal vescovo di Vicenza alle esequie celebrate oggi a Tezze sul Brenta Carissimi, Se state leggendo\u2026","rel":"","context":"In &quot;Senza categoria&quot;","block_context":{"text":"Senza categoria","link":"https:\/\/monodes.com\/predaelli\/category\/senza-categoria\/"},"img":{"alt_text":"","src":"https:\/\/i0.wp.com\/monodes.com\/predaelli\/wp-content\/uploads\/sites\/4\/2024\/10\/cq5dam.thumbnail.cropped.1500.844.jpeg?fit=1200%2C675&ssl=1&resize=350%2C200","width":350,"height":200,"srcset":"https:\/\/i0.wp.com\/monodes.com\/predaelli\/wp-content\/uploads\/sites\/4\/2024\/10\/cq5dam.thumbnail.cropped.1500.844.jpeg?fit=1200%2C675&ssl=1&resize=350%2C200 1x, https:\/\/i0.wp.com\/monodes.com\/predaelli\/wp-content\/uploads\/sites\/4\/2024\/10\/cq5dam.thumbnail.cropped.1500.844.jpeg?fit=1200%2C675&ssl=1&resize=525%2C300 1.5x, https:\/\/i0.wp.com\/monodes.com\/predaelli\/wp-content\/uploads\/sites\/4\/2024\/10\/cq5dam.thumbnail.cropped.1500.844.jpeg?fit=1200%2C675&ssl=1&resize=700%2C400 2x, https:\/\/i0.wp.com\/monodes.com\/predaelli\/wp-content\/uploads\/sites\/4\/2024\/10\/cq5dam.thumbnail.cropped.1500.844.jpeg?fit=1200%2C675&ssl=1&resize=1050%2C600 3x"},"classes":[]},{"id":5973,"url":"https:\/\/monodes.com\/predaelli\/2019\/09\/15\/home-comunita-pastorale-giovanni-paolo-ii\/","url_meta":{"origin":9890,"position":5},"title":"Home &#8211; Comunit\u00e0 Pastorale Giovanni Paolo II","author":"Paolo Redaelli","date":"2019-09-15","format":false,"excerpt":"Home - Comunit\u00e0 Pastorale Giovanni Paolo II da prendere come ispirazione per il nuovo sito della comunit\u00e0 pastorale S. Teresa di Bambin Ges\u00f9.","rel":"","context":"In &quot;Basilica's website&quot;","block_context":{"text":"Basilica's website","link":"https:\/\/monodes.com\/predaelli\/category\/basilicas-website\/"},"img":{"alt_text":"","src":"","width":0,"height":0},"classes":[]}],"jetpack_likes_enabled":true,"_links":{"self":[{"href":"https:\/\/monodes.com\/predaelli\/wp-json\/wp\/v2\/posts\/9890","targetHints":{"allow":["GET"]}}],"collection":[{"href":"https:\/\/monodes.com\/predaelli\/wp-json\/wp\/v2\/posts"}],"about":[{"href":"https:\/\/monodes.com\/predaelli\/wp-json\/wp\/v2\/types\/post"}],"author":[{"embeddable":true,"href":"https:\/\/monodes.com\/predaelli\/wp-json\/wp\/v2\/users\/1"}],"replies":[{"embeddable":true,"href":"https:\/\/monodes.com\/predaelli\/wp-json\/wp\/v2\/comments?post=9890"}],"version-history":[{"count":0,"href":"https:\/\/monodes.com\/predaelli\/wp-json\/wp\/v2\/posts\/9890\/revisions"}],"wp:attachment":[{"href":"https:\/\/monodes.com\/predaelli\/wp-json\/wp\/v2\/media?parent=9890"}],"wp:term":[{"taxonomy":"category","embeddable":true,"href":"https:\/\/monodes.com\/predaelli\/wp-json\/wp\/v2\/categories?post=9890"},{"taxonomy":"post_tag","embeddable":true,"href":"https:\/\/monodes.com\/predaelli\/wp-json\/wp\/v2\/tags?post=9890"}],"curies":[{"name":"wp","href":"https:\/\/api.w.org\/{rel}","templated":true}]}}